{"id":478,"date":"2012-02-07T16:29:23","date_gmt":"2012-02-07T15:29:23","guid":{"rendered":"http:\/\/www.die-mitfahrzentrale.de\/?p=478"},"modified":"2023-08-23T13:49:02","modified_gmt":"2023-08-23T13:49:02","slug":"presseartikel-der-passauer-neue-presse-aus-simbach-vom-3-2-12","status":"publish","type":"post","link":"https:\/\/www.die-mitfahrzentrale.de\/en\/presseartikel-der-passauer-neue-presse-aus-simbach-vom-3-2-12\/","title":{"rendered":"Presseartikel der Passauer Neue Presse aus Simbach vom 3.2.12"},"content":{"rendered":"<h3>Gemeinsame Reise, geteilter Sprit \u2212 Wer f\u00e4hrt mit wem?<\/h3>\n<p>&#8220;Das Auto h\u00e4lt an, ich steige ein, einige Stunden und viele Unterhaltungen sp\u00e4ter steige ich wieder aus. Genau dort, wo ich hinwollte. Nach einer herzlichen Verabschiedung von der Fahrerin, f\u00e4hrt das Auto weiter. Das alles klingt ganz einfach&#8221;&#8230; <a href=\"http:\/\/www.pnp.de\/region_und_lokal\/landkreis_rottal_inn\/simbach\/333974_Gemeinsame-Reise-geteilter-Sprit-Wer-faehrt-mit-wem.html?ref=lf\">weiterlesen<\/a><\/p>\n","protected":false},"excerpt":{"rendered":"<p>Gemeinsame Reise, geteilter Sprit \u2212 Wer f\u00e4hrt mit wem? &#8220;Das Auto h\u00e4lt an, ich steige ein, einige Stunden und viele Unterhaltungen sp\u00e4ter steige ich wieder aus. Genau dort, wo ich hinwollte. Nach einer herzlichen Verabschiedung von der Fahrerin, f\u00e4hrt das Auto weiter. Das alles klingt ganz einfach&#8221;&#8230; weiterlesen<\/p>\n","protected":false},"author":2,"featured_media":0,"comment_status":"open","ping_status":"open","sticky":false,"template":"","format":"standard","meta":{"footnotes":""},"categories":[5,11],"tags":[],"post_folder":[],"class_list":["post-478","post","type-post","status-publish","format-standard","hentry","category-mifaz-regional","category-verkehr-und-mobilitaet"],"_links":{"self":[{"href":"https:\/\/www.die-mitfahrzentrale.de\/en\/wp-json\/wp\/v2\/posts\/478","targetHints":{"allow":["GET"]}}],"collection":[{"href":"https:\/\/www.die-mitfahrzentrale.de\/en\/wp-json\/wp\/v2\/posts"}],"about":[{"href":"https:\/\/www.die-mitfahrzentrale.de\/en\/wp-json\/wp\/v2\/types\/post"}],"author":[{"embeddable":true,"href":"https:\/\/www.die-mitfahrzentrale.de\/en\/wp-json\/wp\/v2\/users\/2"}],"replies":[{"embeddable":true,"href":"https:\/\/www.die-mitfahrzentrale.de\/en\/wp-json\/wp\/v2\/comments?post=478"}],"version-history":[{"count":2,"href":"https:\/\/www.die-mitfahrzentrale.de\/en\/wp-json\/wp\/v2\/posts\/478\/revisions"}],"predecessor-version":[{"id":3696,"href":"https:\/\/www.die-mitfahrzentrale.de\/en\/wp-json\/wp\/v2\/posts\/478\/revisions\/3696"}],"wp:attachment":[{"href":"https:\/\/www.die-mitfahrzentrale.de\/en\/wp-json\/wp\/v2\/media?parent=478"}],"wp:term":[{"taxonomy":"category","embeddable":true,"href":"https:\/\/www.die-mitfahrzentrale.de\/en\/wp-json\/wp\/v2\/categories?post=478"},{"taxonomy":"post_tag","embeddable":true,"href":"https:\/\/www.die-mitfahrzentrale.de\/en\/wp-json\/wp\/v2\/tags?post=478"},{"taxonomy":"post_folder","embeddable":true,"href":"https:\/\/www.die-mitfahrzentrale.de\/en\/wp-json\/wp\/v2\/post_folder?post=478"}],"curies":[{"name":"wp","href":"https:\/\/api.w.org\/{rel}","templated":true}]}}