{"id":464,"date":"2012-01-30T19:47:40","date_gmt":"2012-01-30T18:47:40","guid":{"rendered":"http:\/\/www.die-mitfahrzentrale.de\/?p=464"},"modified":"2023-08-23T13:49:02","modified_gmt":"2023-08-23T13:49:02","slug":"bmw-mit-elektroautos-grose-i-familie-geplant","status":"publish","type":"post","link":"https:\/\/www.die-mitfahrzentrale.de\/en\/bmw-mit-elektroautos-grose-i-familie-geplant\/","title":{"rendered":"BMW mit Elektroautos: gro\u00dfe i-Familie geplant"},"content":{"rendered":"<p>Elektroautos sind immer weiter im Kommen und sollen die Zukunft der Automobilbranche sein. In die Entwicklung und Herstellung wird viel Zeit und Geld gesteckt. Dies spiegelt sich auch im Anschaffungspreis der Elektroautos wieder. Einige Modelle sind zum jetzigen Zeitpunkt noch nicht bezahlbar f\u00fcr den Mittelstand. Es gibt jedoch wenige Ausnahmen.<\/p>\n<p>So plant auch BMW eine eigene i-Familie. Es wird also vom bayrischen Autohersteller eine eigene Modell-Reihe mit Elektro- und Plug-in-Hybrid-Antrieben geben. Aktuell sind vier Modelle bis 2016 geplant und es wird wohl auch einen starken Konkurrenten zum Toyota Prius geben. Bereits bekannt ist der i3 und der i8.<\/p>\n<p>Einen der Schwerpunkte setzt BMW in die Leichtbau-Karosserie. So kommen in der i-Reihe Kohlefaser und Leichtbau-Aluminium zum Einsatz. Es handelt sich dabei nur um einen logischen Zusammenhang, denn je leichter ein Fahrzeug ist, desto gr\u00f6\u00dfer ist die Reichweite des Fahrzeugs.<\/p>\n<p><strong>Welche Modelle wird es geben?<\/strong><\/p>\n<p>Zun\u00e4chst soll der i1 ein starker Konkurrent zum Smart werden und der i3 die Konkurrenz zum A2 bilden. Der i5 wird der Gegner zum Toyota Prius sein und kommt 2015 auf den Markt.<\/p>\n<p>Gegen Ende des Jahres 2013 plant BMW den Start des i3. Dieser soll als zun\u00e4chst als Viersitzer auf den Markt kommen. Folgen wird ihm dann der i8 als Coup\u00e9 in 2014. Der i5 mit l\u00e4ngerem Radstand und als Hochdach-F\u00fcnfsitzer kommt dann im Jahr 2015. Fehlt nur noch der Konkurrent zum Smart. Der jetzt noch fehlende i1 wird dann 2016 als \u201eCity-Car\u201c auf den Markt kommen.<\/p>\n<p>Wie man es bereits von BMW gewohnt ist, wird es auch bei den Elektroautos einen Heckantrieb geben. BMW garantiert aber auch hier f\u00fcr ein sicheres Fahrverhalten.<\/p>\n<p>Beschleunigt und gebremst wird hier nur mit einem Pedal. F\u00fcr viele d\u00fcrfte dies zun\u00e4chst eine Umstellung bedeuten. Weitere neue Assistenzsysteme wird es ebenfalls geben. Darunter ein Stauassistent, intermodale Navigation und eine Echtzeit-\u00dcbersicht der verf\u00fcgbaren E-Ladestationen.<\/p>\n<p><em>Quelle: <\/em><a href=\"http:\/\/auto.t-online.de\/elektroauto-bmw-plant-vier-neue-i-modelle-bis-2016\/id_53535096\/index?news\"><em>auto.t-online.de<\/em><\/a><em><\/em><\/p>\n","protected":false},"excerpt":{"rendered":"<p>Elektroautos sind immer weiter im Kommen und sollen die Zukunft der Automobilbranche sein. In die Entwicklung und Herstellung wird viel Zeit und Geld gesteckt. Dies spiegelt sich auch im Anschaffungspreis der Elektroautos wieder. Einige Modelle sind zum jetzigen Zeitpunkt noch nicht bezahlbar f\u00fcr den Mittelstand. Es gibt jedoch wenige Ausnahmen. So plant auch BMW eine eigene i-Familie. Es wird also vom bayrischen Autohersteller eine eigene Modell-Reihe mit Elektro- und Plug-in-Hybrid-Antrieben geben. Aktuell sind vier Modelle [&hellip;]<\/p>\n","protected":false},"author":1,"featured_media":0,"comment_status":"open","ping_status":"open","sticky":false,"template":"","format":"standard","meta":{"footnotes":""},"categories":[10,11],"tags":[],"post_folder":[],"class_list":["post-464","post","type-post","status-publish","format-standard","hentry","category-umweltschutz-und-nachhaltigkeit","category-verkehr-und-mobilitaet"],"_links":{"self":[{"href":"https:\/\/www.die-mitfahrzentrale.de\/en\/wp-json\/wp\/v2\/posts\/464","targetHints":{"allow":["GET"]}}],"collection":[{"href":"https:\/\/www.die-mitfahrzentrale.de\/en\/wp-json\/wp\/v2\/posts"}],"about":[{"href":"https:\/\/www.die-mitfahrzentrale.de\/en\/wp-json\/wp\/v2\/types\/post"}],"author":[{"embeddable":true,"href":"https:\/\/www.die-mitfahrzentrale.de\/en\/wp-json\/wp\/v2\/users\/1"}],"replies":[{"embeddable":true,"href":"https:\/\/www.die-mitfahrzentrale.de\/en\/wp-json\/wp\/v2\/comments?post=464"}],"version-history":[{"count":2,"href":"https:\/\/www.die-mitfahrzentrale.de\/en\/wp-json\/wp\/v2\/posts\/464\/revisions"}],"predecessor-version":[{"id":3700,"href":"https:\/\/www.die-mitfahrzentrale.de\/en\/wp-json\/wp\/v2\/posts\/464\/revisions\/3700"}],"wp:attachment":[{"href":"https:\/\/www.die-mitfahrzentrale.de\/en\/wp-json\/wp\/v2\/media?parent=464"}],"wp:term":[{"taxonomy":"category","embeddable":true,"href":"https:\/\/www.die-mitfahrzentrale.de\/en\/wp-json\/wp\/v2\/categories?post=464"},{"taxonomy":"post_tag","embeddable":true,"href":"https:\/\/www.die-mitfahrzentrale.de\/en\/wp-json\/wp\/v2\/tags?post=464"},{"taxonomy":"post_folder","embeddable":true,"href":"https:\/\/www.die-mitfahrzentrale.de\/en\/wp-json\/wp\/v2\/post_folder?post=464"}],"curies":[{"name":"wp","href":"https:\/\/api.w.org\/{rel}","templated":true}]}}