{"id":406,"date":"2011-12-08T11:52:39","date_gmt":"2011-12-08T10:52:39","guid":{"rendered":"http:\/\/www.die-mitfahrzentrale.de\/?p=406"},"modified":"2023-08-23T13:49:02","modified_gmt":"2023-08-23T13:49:02","slug":"immer-mobil-bis-ins-hohe-alter-fahrgemeinschaften-finden","status":"publish","type":"post","link":"https:\/\/www.die-mitfahrzentrale.de\/en\/immer-mobil-bis-ins-hohe-alter-fahrgemeinschaften-finden\/","title":{"rendered":"immer Mobil - bis ins hohe Alter Fahrgemeinschaften finden"},"content":{"rendered":"<p>In den letzten Jahren sind bei der MiFaZ immer neue Kooperationen entstanden, die j\u00fcngste Zusammenarbeit erfolgte mit dem Fraunhofer Institut am Projekt \u201eimmer Mobil\u201c.<br \/>\nDieses richtet sich speziell an Personen, die \u00fcber 50 Jahre alt sind und im l\u00e4ndlichen Raum leben. Ihnen soll mit Hilfe von \u201eimmer Mobil\u201c mehr Mobilit\u00e4t im Alter erm\u00f6glicht werden.<\/p>\n<p>Im Alter ist man auf fremde Hilfe angewiesen, doch diese ist nicht immer durch die Familie oder Freunde vorhanden und mobile Hilfe kann auch teuer sein. Aus diesem Grund wurde &#8220;immer Mobil&#8221; ins Leben gerufen. Alte Menschen sollen auch die M\u00f6glichkeit haben von Fahrgemeinschaften zu profitieren. Ob \u00fcber das Telefon, das Internet oder das Handy &#8211; all diese Wege stehen auch den Senioren f\u00fcr das Suchen einer Fahrgemeinschaft zur Verf\u00fcgung. Auch ganz kurzfristig kann eine Mitfahrgelegenheit gesucht werden.<\/p>\n<p>Und vielleicht entwickelt sich daraus ja auch eine dauerhafte Hilfestellung oder ein guter Kontakt.<\/p>\n<p>Weitere Informationen zum Projekt finden Sie auch in diesem Video:<br \/>\n<iframe loading=\"lazy\" width=\"560\" height=\"315\" src=\"http:\/\/www.youtube.com\/embed\/GRpSHSs321Q\" frameborder=\"0\" allowfullscreen><\/iframe><\/p>\n","protected":false},"excerpt":{"rendered":"<p>In den letzten Jahren sind bei der MiFaZ immer neue Kooperationen entstanden, die j\u00fcngste Zusammenarbeit erfolgte mit dem Fraunhofer Institut am Projekt \u201eimmer Mobil\u201c. Dieses richtet sich speziell an Personen, die \u00fcber 50 Jahre alt sind und im l\u00e4ndlichen Raum leben. Ihnen soll mit Hilfe von \u201eimmer Mobil\u201c mehr Mobilit\u00e4t im Alter erm\u00f6glicht werden. Im Alter ist man auf fremde Hilfe angewiesen, doch diese ist nicht immer durch die Familie oder Freunde vorhanden und mobile [&hellip;]<\/p>\n","protected":false},"author":1,"featured_media":0,"comment_status":"open","ping_status":"open","sticky":false,"template":"","format":"standard","meta":{"footnotes":""},"categories":[3,10,11],"tags":[],"post_folder":[],"class_list":["post-406","post","type-post","status-publish","format-standard","hentry","category-fahrgemeinschaften-geschichten-und-tipps","category-umweltschutz-und-nachhaltigkeit","category-verkehr-und-mobilitaet"],"_links":{"self":[{"href":"https:\/\/www.die-mitfahrzentrale.de\/en\/wp-json\/wp\/v2\/posts\/406","targetHints":{"allow":["GET"]}}],"collection":[{"href":"https:\/\/www.die-mitfahrzentrale.de\/en\/wp-json\/wp\/v2\/posts"}],"about":[{"href":"https:\/\/www.die-mitfahrzentrale.de\/en\/wp-json\/wp\/v2\/types\/post"}],"author":[{"embeddable":true,"href":"https:\/\/www.die-mitfahrzentrale.de\/en\/wp-json\/wp\/v2\/users\/1"}],"replies":[{"embeddable":true,"href":"https:\/\/www.die-mitfahrzentrale.de\/en\/wp-json\/wp\/v2\/comments?post=406"}],"version-history":[{"count":2,"href":"https:\/\/www.die-mitfahrzentrale.de\/en\/wp-json\/wp\/v2\/posts\/406\/revisions"}],"predecessor-version":[{"id":3714,"href":"https:\/\/www.die-mitfahrzentrale.de\/en\/wp-json\/wp\/v2\/posts\/406\/revisions\/3714"}],"wp:attachment":[{"href":"https:\/\/www.die-mitfahrzentrale.de\/en\/wp-json\/wp\/v2\/media?parent=406"}],"wp:term":[{"taxonomy":"category","embeddable":true,"href":"https:\/\/www.die-mitfahrzentrale.de\/en\/wp-json\/wp\/v2\/categories?post=406"},{"taxonomy":"post_tag","embeddable":true,"href":"https:\/\/www.die-mitfahrzentrale.de\/en\/wp-json\/wp\/v2\/tags?post=406"},{"taxonomy":"post_folder","embeddable":true,"href":"https:\/\/www.die-mitfahrzentrale.de\/en\/wp-json\/wp\/v2\/post_folder?post=406"}],"curies":[{"name":"wp","href":"https:\/\/api.w.org\/{rel}","templated":true}]}}