{"id":3950,"date":"2024-02-15T11:52:04","date_gmt":"2024-02-15T09:52:04","guid":{"rendered":"https:\/\/www.die-mitfahrzentrale.de\/?p=3950"},"modified":"2024-05-15T09:13:15","modified_gmt":"2024-05-15T07:13:15","slug":"die-neue-mifaz-fuer-den-neckar-odenwald-kreis","status":"publish","type":"post","link":"https:\/\/www.die-mitfahrzentrale.de\/en\/die-neue-mifaz-fuer-den-neckar-odenwald-kreis\/","title":{"rendered":"Die neue MiFaZ f\u00fcr den Neckar Odenwald Kreis!"},"content":{"rendered":"<p>Eine neue MiFaz ist an den Start gegangen. Nach einiger Vorbereitungszeit ist die MiFaZ im Neckar Odenwald Kreis an den Start gegangen und wir schon flei\u00dfig genutzt. Es wurden auch regionale Punkte sowie Mitfahrb\u00e4nke hinterlegt, die die Nutzer auf der Karte aber auch in der Suche ausw\u00e4hlen k\u00f6nnen. Damit wir den regionalen Erfordernissen entsprochen und die Fahrer und Mitfahrer haben viele Auswahm\u00f6glichkeiten, sich zu treffen.<\/p>\n<p>Werbema\u00dfnahmen in der kommenden Zeite sorgen daf\u00fcr, dass die regionale MiFaZ bekannt gemacht wird und m\u00f6glichst viele auf diese tolle neue M\u00f6glichkeit, Zeit und Kosten zu sparen und neue Leute kennezulernen aufmerksam zu machen. Nat\u00fcrlich profitiert auch unsere Umwelt davon und der Verkehr wird entlastet.<\/p>\n<p style=\"text-align: center;\"><strong><a href=\"https:\/\/neckar-odenwald-kreis.mifaz.de\/\" target=\"_blank\" rel=\"noopener\">Hier geht es zur neuen MiFaZ<\/a><\/strong><\/p>\n<p>&nbsp;<\/p>\n<p>&nbsp;<\/p>\n<p><img loading=\"lazy\" decoding=\"async\" class=\"aligncenter wp-image-3951 size-large\" src=\"https:\/\/www.die-mitfahrzentrale.de\/wp-content\/uploads\/2024\/02\/screenshot_mifaz_nok-753x1024.jpg\" alt=\"MiFaZ Neckar Odenwald Kreis\" width=\"753\" height=\"1024\" srcset=\"https:\/\/www.die-mitfahrzentrale.de\/wp-content\/uploads\/2024\/02\/screenshot_mifaz_nok-753x1024.jpg 753w, https:\/\/www.die-mitfahrzentrale.de\/wp-content\/uploads\/2024\/02\/screenshot_mifaz_nok-221x300.jpg 221w, https:\/\/www.die-mitfahrzentrale.de\/wp-content\/uploads\/2024\/02\/screenshot_mifaz_nok-768x1045.jpg 768w, https:\/\/www.die-mitfahrzentrale.de\/wp-content\/uploads\/2024\/02\/screenshot_mifaz_nok.jpg 772w\" sizes=\"auto, (max-width: 753px) 100vw, 753px\" \/><\/p>\n","protected":false},"excerpt":{"rendered":"<p>Eine neue MiFaz ist an den Start gegangen. Nach einiger Vorbereitungszeit ist die MiFaZ im Neckar Odenwald Kreis an den Start gegangen und wir schon flei\u00dfig genutzt. Es wurden auch regionale Punkte sowie Mitfahrb\u00e4nke hinterlegt, die die Nutzer auf der Karte aber auch in der Suche ausw\u00e4hlen k\u00f6nnen. Damit wir den regionalen Erfordernissen entsprochen und die Fahrer und Mitfahrer haben viele Auswahm\u00f6glichkeiten, sich zu treffen. Werbema\u00dfnahmen in der kommenden Zeite sorgen daf\u00fcr, dass die regionale [&hellip;]<\/p>\n","protected":false},"author":3,"featured_media":3952,"comment_status":"open","ping_status":"open","sticky":false,"template":"","format":"standard","meta":{"footnotes":""},"categories":[1],"tags":[],"post_folder":[],"class_list":["post-3950","post","type-post","status-publish","format-standard","has-post-thumbnail","hentry","category-uncategorized"],"_links":{"self":[{"href":"https:\/\/www.die-mitfahrzentrale.de\/en\/wp-json\/wp\/v2\/posts\/3950","targetHints":{"allow":["GET"]}}],"collection":[{"href":"https:\/\/www.die-mitfahrzentrale.de\/en\/wp-json\/wp\/v2\/posts"}],"about":[{"href":"https:\/\/www.die-mitfahrzentrale.de\/en\/wp-json\/wp\/v2\/types\/post"}],"author":[{"embeddable":true,"href":"https:\/\/www.die-mitfahrzentrale.de\/en\/wp-json\/wp\/v2\/users\/3"}],"replies":[{"embeddable":true,"href":"https:\/\/www.die-mitfahrzentrale.de\/en\/wp-json\/wp\/v2\/comments?post=3950"}],"version-history":[{"count":6,"href":"https:\/\/www.die-mitfahrzentrale.de\/en\/wp-json\/wp\/v2\/posts\/3950\/revisions"}],"predecessor-version":[{"id":4018,"href":"https:\/\/www.die-mitfahrzentrale.de\/en\/wp-json\/wp\/v2\/posts\/3950\/revisions\/4018"}],"wp:featuredmedia":[{"embeddable":true,"href":"https:\/\/www.die-mitfahrzentrale.de\/en\/wp-json\/wp\/v2\/media\/3952"}],"wp:attachment":[{"href":"https:\/\/www.die-mitfahrzentrale.de\/en\/wp-json\/wp\/v2\/media?parent=3950"}],"wp:term":[{"taxonomy":"category","embeddable":true,"href":"https:\/\/www.die-mitfahrzentrale.de\/en\/wp-json\/wp\/v2\/categories?post=3950"},{"taxonomy":"post_tag","embeddable":true,"href":"https:\/\/www.die-mitfahrzentrale.de\/en\/wp-json\/wp\/v2\/tags?post=3950"},{"taxonomy":"post_folder","embeddable":true,"href":"https:\/\/www.die-mitfahrzentrale.de\/en\/wp-json\/wp\/v2\/post_folder?post=3950"}],"curies":[{"name":"wp","href":"https:\/\/api.w.org\/{rel}","templated":true}]}}