{"id":2968,"date":"2023-05-08T09:59:33","date_gmt":"2023-05-08T07:59:33","guid":{"rendered":"https:\/\/www.die-mitfahrzentrale.de\/?p=2968"},"modified":"2023-08-23T13:48:27","modified_gmt":"2023-08-23T13:48:27","slug":"synthetische-kraftstoffe-stand-und-zukunft","status":"publish","type":"post","link":"https:\/\/www.die-mitfahrzentrale.de\/en\/synthetische-kraftstoffe-stand-und-zukunft\/","title":{"rendered":"Synthetische Kraftstoffe - Stand und Zukunft"},"content":{"rendered":"<p>Synthetische Kraftstoffe sind den meisten ein Begriff, die Hintergr\u00fcnde kennen aber die wenigsten. Sind diese mit konventionellen Motoren nutzbar? Wie werden diese hergestellt und wie k\u00f6nnen sie vertrieben werden?<\/p>\n<h2>Die Grundlage<\/h2>\n<p>Es ist eine interessante Idee: Man verbrennt keine fossilen Brennstoffe mehr, sondern synthetische, die man mithilfe von sogenannten erneuerbaren Energien erzeugt. Dadurch w\u00e4re der konventionelle Verbrennungsmotor wieder eine Option.<br \/>\nDas bereits etablierte Tankstellennetz zur Versorgung der Autofahrer st\u00fcnde zur Verf\u00fcgung- eine v\u00f6llig neue und kostenintensive Infrastruktur w\u00e4re nicht n\u00f6tig. Aber wie funktioniert das eigentlich? Wo liegen die Vorteile und wo die Grenzen?<\/p>\n<h2>Wir werden synthetische Kraftstoffe produziert?<\/h2>\n<p>Das Ausgangsmaterialien f\u00fcr synthetische Kraftstoffe besteht aus Wasser und Strom. Mittels Elektrolyse wird daraus Wasserstoff. Im n\u00e4chsten Schritt stehen zwei verschiedene Arten zur Verf\u00fcgung, diese mit CO2 reagieren zu lassen.:<br \/>\n&#8211; Methanisierung \u2013 so entsteht synthetisches Erdgas oder<br \/>\n&#8211; Fischer-Tropsch-Synthese \u2013 dann entsteht synthetisches Benzin oder Diesel<br \/>\nM\u00f6gliche Endprodukte sind synthetischer Diesel, synthetisches Benzin und synthetisches Kerosin.<br \/>\nEin wesentlicher Nachteil von synthetischen Kraftstoffen ist deren schlechterer Wirkungsgrad. Der Grund sind Energieverluste bei der Umwandlung von elektrischem Strom in synthetischen Kraftstoff. Deshalb ist der Bedarf an Energie f\u00fcr die Produktion h\u00f6her, im Gegensatz zum direkten Laden eines E-Autos.<\/p>\n<p><a href=\"https:\/\/youtu.be\/z-RG6rfWf6A\" target=\"_blank\" rel=\"noopener\">Eigenschaften synthetischer Kraftstoffe im Interview<\/a> (youtube)<\/p>\n<h2>Synthetische Kraftstoffe in der Praxis<\/h2>\n<p>In sogenannten RDE- Fahrten (Real Drive Emissions) wurden synthetische Kraftstoffe in der Praixs unter realen Bedingungen getestet. Dabei halte sie bestehende Kraftstoffnormen f\u00fcr Benzin- und Dieselkraftstoffe ein.\u00a0 Nachteiligen Eigenschaften konnten bei Anwendungstests in Pkw nicht festgestellt werden. In einzelnen F\u00e4llen zeigten sich hinsichtlich der Schadstoffemissionen sogar leichte Vorteile bei beiden herk\u00f6mmlichen Kraftstoffarten. <a href=\"https:\/\/www.die-mitfahrzentrale.de\/wp-content\/uploads\/2023\/05\/sippakorn-yamkasikorn-0aJOTBQfEFE-unsplash-scaled-1.jpg\"><img loading=\"lazy\" decoding=\"async\" class=\"size-medium wp-image-2982 alignleft\" src=\"https:\/\/www.die-mitfahrzentrale.de\/wp-content\/uploads\/2023\/05\/sippakorn-yamkasikorn-0aJOTBQfEFE-unsplash-300x200.jpg\" alt=\"\" width=\"300\" height=\"200\" \/><\/a><\/p>\n<p>Die Testfahrten fanden im realen Fahrbetrieb auf Streckenabschnitten in der Stadt, auf der Landstra\u00dfe und der Autobahn statt, die aktuellen gesetzlichen Vorgaben zur Zertifizierung von Neufahrzeugen entsprechen. F\u00fcr die Testfahrten des KIT kamen vier verschiedene Pkw sowie sechs LKW zum Einsatz.<\/p>\n<p>Diese haben mit dem Kraftstoff C.A.R.E Diesel\u00ae aus 100 Prozent kommerziell verf\u00fcgbarem HVO \u00fcber 350 000 Kilometer zur\u00fcckgelegt. Eine Ausweitung der Flo untersuchten Fahrzeige und eine Verl\u00e4ngerung des Dauerlaufs bis 2024 ist geplant.<\/p>\n<h2>Die Zukunft synthetischer Kraftstoffe<\/h2>\n<p>In einem Forschungsprojekt wird versucht, den Wirkungsgrad in der Produktionskette deutlich zu erh\u00f6hen. Zentraler Bestandteil der Versuchsanlage ist ein neuer Synthesereaktor, der mit deutlich geringerer Prozessenergie als bisher auskommt Erste Gro\u00dfanlagen entstehen derweil in der Industrie oder werden in Betrieb genommen. Das Karlsruher Instituts f\u00fcr Technologie (KIT) verspricht sich hier bis zu 60 Prozent Steigerung.<\/p>\n<p>Eine im Oktober 2021 er\u00f6ffnete Anlage, die bis zu 350 Tonnen E-Fuels pro Jahr herstellen kann, befindet sich in Werlte im Emsland und wird von der atmosfair gGmbH betrieben. Das hier produzierte synthetische Roh\u00f6l wird in einer Raffinerie im schleswig-holsteinischen Heide zu E-Kerosin aufbereitet. Gr\u00f6\u00dfter Abnehmer ist die Lufthansa. <a href=\"https:\/\/www.die-mitfahrzentrale.de\/wp-content\/uploads\/2023\/05\/electric-car-g3da98427d_1920.jpg\"><img loading=\"lazy\" decoding=\"async\" class=\"size-medium wp-image-2983 alignright\" src=\"https:\/\/www.die-mitfahrzentrale.de\/wp-content\/uploads\/2023\/05\/electric-car-g3da98427d_1920-300x225.jpg\" alt=\"\" width=\"300\" height=\"225\" srcset=\"https:\/\/www.die-mitfahrzentrale.de\/wp-content\/uploads\/2023\/05\/electric-car-g3da98427d_1920-300x225.jpg 300w, https:\/\/www.die-mitfahrzentrale.de\/wp-content\/uploads\/2023\/05\/electric-car-g3da98427d_1920-1024x768.jpg 1024w, https:\/\/www.die-mitfahrzentrale.de\/wp-content\/uploads\/2023\/05\/electric-car-g3da98427d_1920-768x576.jpg 768w, https:\/\/www.die-mitfahrzentrale.de\/wp-content\/uploads\/2023\/05\/electric-car-g3da98427d_1920-1536x1152.jpg 1536w, https:\/\/www.die-mitfahrzentrale.de\/wp-content\/uploads\/2023\/05\/electric-car-g3da98427d_1920.jpg 1920w\" sizes=\"auto, (max-width: 300px) 100vw, 300px\" \/><\/a><\/p>\n<p>Ab 2024 sollen in einer Fabrik in Frankfurt eine j\u00e4hrliche Produktion von 2500 Tonnen synthetischen Treibstoffs produziert werden. Dieser soll ebenfalls vor allem in der Luft- aber auch in der Schifffahrt zum Einsatz kommen. Die investierende Firma Ineratec wurde daf\u00fcr mit F\u00f6rdergeld unterst\u00fctzt.<\/p>\n<h2>Gesellschaftliche Auswirkungen des \u00dcbergangs zur E-Mobili\u00e4t<\/h2>\n<ul>\n<li>Neue batterieelektrische Fahrzeuge in allen untersuchten europ\u00e4ischen Mitgliedstaaten, die eine Kaufsubvention f\u00fcr E-Autos gew\u00e4hren ereichen Kostengleichheit mit vergleichbaren Modellen mit Verbrennungsmoto. Eine Kostenparit\u00e4t ohne Kaufsubventionen oder steuerliche Anreize ist die Ausnahme<br \/>\nF\u00fcr die Mehrheit der privaten Verbraucher liegen die Anschaffungskosten f\u00fcr ein neues batterieelektrisches Fahrzeug jedoch au\u00dferhalb ihrer finanziellen M\u00f6glichkeiten.<\/li>\n<li>Die meisten K\u00e4ufe von Autos finden auf dem Gebrauchtwagenmarkt statt und \u00fcbersteigen die Zahl der Neuzulassungen. Bezogen auf den deutschen Gebrauchtwagenmarkt\u00a0 waren im Jahr 2020 aber nur 0,3 Prozent der Fahrzeuge auf diesem Markt elektrisch.<\/li>\n<li>Die Anreize zur F\u00f6rderung der Markteinf\u00fchrung von batterieelektrischen Fahrzeugen f\u00fchren oft zu Einnahmeverlusten f\u00fcr den Staat. Dadurch ist eine Verl\u00e4ngerung der F\u00f6rderung in dieser H\u00f6he erscheint nicht dauerhaft finanzierbar.<\/li>\n<li>Die Gesamtzahl der Fahrzeuge, die im Jahr 2020 bei etwa 260 Millionen lag, wird voraussichtlich auf insgesamt etwa 280 Millionen im Jahr 2030 ansteigen. Die Verbreitung elektrischer Fahrzeuge f\u00fchrt dmenach zu einer Vergr\u00f6\u00dferung, als dass sie Fahrzeuge mit Verbrennungsmotor ersetzen. Erst nach 2035 werden E-Fahrzeuge beginnen, Verbrenner zu ersetzen, allerdings bei stegigendem Durchschnittsalter der Fahrzeuge.<\/li>\n<li>Dabei m\u00fcssen die Absatzzahlen batterieelektrischer Neufahrzeuge deutlich steigern, um das von der Politik ausgegebenen Ziel von 30 Millionen E-Autos bis 2030 erreichen zu k\u00f6nnen.<\/li>\n<li>Generell sind batterieelektrisches Fahrzeug f\u00fcr Fahrer auf dem Land, die eine h\u00f6here j\u00e4hrliche Fahrleistung und Zugang zu einer Ladestation zu Hause haben, potenziell kosteneffizienter ist als f\u00fcr st\u00e4dtische Verbraucher, die weniger Kilometer fahren und auf \u00f6ffentliche Ladestationen angewiesen sind. Der Ausbau neuer Ladeinfrastruktur ist dar\u00fcber hinaus in den St\u00e4dten oft begrenzt.<\/li>\n<\/ul>\n<h2><\/h2>\n<p>Als Fazit bleibt die Offenheit gegen\u00fcber verschiedenen Antriebsarten als wichtiger Faktor. Wir ben\u00f6tigen mehr Forschung, Entwicklung und Innovation um die richtigen L\u00f6sungen und M\u00f6glichkeiten zu finden. Je nach Wohnort und Anforderungen kommen unterschiedliche L\u00f6sungen in Betracht.<\/p>\n<p>&nbsp;<\/p>\n<h2>Weiterf\u00fchrende Links<\/h2>\n<p>&nbsp;<\/p>\n<p><a href=\"https:\/\/www.tagesschau.de\/wirtschaft\/technologie\/efuels-kraftstoff-verbrennungsmotor-101.html\" target=\"_blank\" rel=\"noopener\">https:\/\/www.bmuv.de\/faq\/was-sind-synthetische-kraftstoffe<\/a><\/p>\n<p><a href=\"https:\/\/www.bmuv.de\/faq\/was-sind-synthetische-kraftstoffe\" target=\"_blank\" rel=\"noopener\">BMUV &#8211; Was sind synthetische Kraftstoffe?<\/a><\/p>\n<p><a href=\"https:\/\/www.umsicht-suro.fraunhofer.de\/de\/unsere-loesungen\/biokraftstoff.html\" target=\"_blank\" rel=\"noopener\">Fraunhofer Institut<\/a><\/p>\n","protected":false},"excerpt":{"rendered":"<p>Synthetische Kraftstoffe sind den meisten ein Begriff, die Hintergr\u00fcnde kennen aber die wenigsten. Sind diese mit konventionellen Motoren nutzbar? Wie werden diese hergestellt und wie k\u00f6nnen sie vertrieben werden? Die Grundlage Es ist eine interessante Idee: Man verbrennt keine fossilen Brennstoffe mehr, sondern synthetische, die man mithilfe von sogenannten erneuerbaren Energien erzeugt. Dadurch w\u00e4re der konventionelle Verbrennungsmotor wieder eine Option. Das bereits etablierte Tankstellennetz zur Versorgung der Autofahrer st\u00fcnde zur Verf\u00fcgung- eine v\u00f6llig neue und [&hellip;]<\/p>\n","protected":false},"author":3,"featured_media":2981,"comment_status":"open","ping_status":"open","sticky":false,"template":"","format":"standard","meta":{"footnotes":""},"categories":[8],"tags":[],"post_folder":[],"class_list":["post-2968","post","type-post","status-publish","format-standard","has-post-thumbnail","hentry","category-allgemein"],"_links":{"self":[{"href":"https:\/\/www.die-mitfahrzentrale.de\/en\/wp-json\/wp\/v2\/posts\/2968","targetHints":{"allow":["GET"]}}],"collection":[{"href":"https:\/\/www.die-mitfahrzentrale.de\/en\/wp-json\/wp\/v2\/posts"}],"about":[{"href":"https:\/\/www.die-mitfahrzentrale.de\/en\/wp-json\/wp\/v2\/types\/post"}],"author":[{"embeddable":true,"href":"https:\/\/www.die-mitfahrzentrale.de\/en\/wp-json\/wp\/v2\/users\/3"}],"replies":[{"embeddable":true,"href":"https:\/\/www.die-mitfahrzentrale.de\/en\/wp-json\/wp\/v2\/comments?post=2968"}],"version-history":[{"count":2,"href":"https:\/\/www.die-mitfahrzentrale.de\/en\/wp-json\/wp\/v2\/posts\/2968\/revisions"}],"predecessor-version":[{"id":3038,"href":"https:\/\/www.die-mitfahrzentrale.de\/en\/wp-json\/wp\/v2\/posts\/2968\/revisions\/3038"}],"wp:featuredmedia":[{"embeddable":true,"href":"https:\/\/www.die-mitfahrzentrale.de\/en\/wp-json\/wp\/v2\/media\/2981"}],"wp:attachment":[{"href":"https:\/\/www.die-mitfahrzentrale.de\/en\/wp-json\/wp\/v2\/media?parent=2968"}],"wp:term":[{"taxonomy":"category","embeddable":true,"href":"https:\/\/www.die-mitfahrzentrale.de\/en\/wp-json\/wp\/v2\/categories?post=2968"},{"taxonomy":"post_tag","embeddable":true,"href":"https:\/\/www.die-mitfahrzentrale.de\/en\/wp-json\/wp\/v2\/tags?post=2968"},{"taxonomy":"post_folder","embeddable":true,"href":"https:\/\/www.die-mitfahrzentrale.de\/en\/wp-json\/wp\/v2\/post_folder?post=2968"}],"curies":[{"name":"wp","href":"https:\/\/api.w.org\/{rel}","templated":true}]}}