{"id":2249,"date":"2018-08-30T11:55:43","date_gmt":"2018-08-30T09:55:43","guid":{"rendered":"https:\/\/www.die-mitfahrzentrale.de\/?p=2249"},"modified":"2023-08-23T13:48:31","modified_gmt":"2023-08-23T13:48:31","slug":"arbeit-familie-und-eine-reise-unter-einem-dach-einem-alten-blechdach","status":"publish","type":"post","link":"https:\/\/www.die-mitfahrzentrale.de\/en\/arbeit-familie-und-eine-reise-unter-einem-dach-einem-alten-blechdach\/","title":{"rendered":"Arbeit, Familie und eine Reise unter einem Dach \u2013 einem alten Blechdach"},"content":{"rendered":"<p><span style=\"font-weight: 400;\">Seit fast zwei Jahren arbeite ich jetzt f\u00fcr MiFaZ. Wir sind ein tolles Team, unsere Meetings, die f\u00fcr gew\u00f6hnlich alle zwei Wochen stattfinden, sind tats\u00e4chlich gut strukturiert und effektiv und es gibt immer etwas zu lachen. Meine Aufgaben sind vielf\u00e4ltig und abwechslungsreich, manchmal eine Herausforderung aber nie eine \u00dcberforderung. Wir alle wissen, dass der Tag nur 24 h hat und dass niemand alles kann. Und alle bei MiFaZ haben Familie &#8211; und zwar an erster Stelle.<\/span><\/p>\n<p><span style=\"font-weight: 400;\">Ich habe feste Tage, an denen ich verantwortlich daf\u00fcr bin, das Tagesgesch\u00e4ft, wie z. B. Nutzerfragen oder Kundenanliegen zu bearbeiten. Dar\u00fcber hinaus kann ich arbeiten wann und auch wo ich will. Das erm\u00f6glicht es mir, Job und Kinder so entspannt wie nur denkbar unter einen Hut zu bringen. Oder eben unter ein Dach. Und eine Reise passt auch noch darunter\u2026<\/span><\/p>\n<p><span style=\"font-weight: 400;\">Im Moment sitze ich in einem zum Wohnmobil umgebauten LKW der Marke Magirus-Deutz, Baujahr 1966. Mein Mann f\u00e4hrt und unsere Kinder schlafen hinten in ihren Sitzen. Unser \u00e4ltester ist f\u00fcnf Jahre alt und geht noch ein Jahr in den Kindergarten. Sein j\u00fcngerer Bruder ist drei und kommt in die gleiche Gruppe wie sein gro\u00dfer Bruder, sobald wir \u2013 voraussichtlich im Oktober \u2013 wieder zuhause sind. Und unsere Tochter und kleine Schwester ist gerade 12 Wochen alt. Mein Mann nimmt den Gro\u00dfteil der Elternzeit in Anspruch und ich arbeite von unterwegs aus\u2026<\/span><\/p>\n<p><a href=\"https:\/\/www.die-mitfahrzentrale.de\/wp-content\/uploads\/2018\/08\/IMG_4792.jpg\"><img loading=\"lazy\" decoding=\"async\" class=\"alignnone size-medium wp-image-2253\" src=\"https:\/\/www.die-mitfahrzentrale.de\/wp-content\/uploads\/2018\/08\/IMG_4792-300x188.jpg\" alt=\"\" width=\"300\" height=\"188\" srcset=\"https:\/\/www.die-mitfahrzentrale.de\/wp-content\/uploads\/2018\/08\/IMG_4792-300x188.jpg 300w, https:\/\/www.die-mitfahrzentrale.de\/wp-content\/uploads\/2018\/08\/IMG_4792-768x481.jpg 768w, https:\/\/www.die-mitfahrzentrale.de\/wp-content\/uploads\/2018\/08\/IMG_4792.jpg 800w\" sizes=\"auto, (max-width: 300px) 100vw, 300px\" \/><\/a><\/p>\n<p><span style=\"font-weight: 400;\">Vor gut einem Monat sind wir von Scharnebeck bei L\u00fcneburg aus zu einer ersten Probefahrt mit dem Magirus nach D\u00e4nemark aufgebrochen. Nach einer furchtbaren ersten und einer \u2013 zum Gl\u00fcck \u2013 sehr sch\u00f6nen zweiten Woche fuhren wir f\u00fcr einen Boxenstopp nachhause zur\u00fcck und dann endlich los auf unsere gro\u00dfe Tour, die europ\u00e4ische Westk\u00fcste hinunter in den S\u00fcden.<\/span><\/p>\n<p><span style=\"font-weight: 400;\">Eine Woche waren wir in den Niederlanden, davon die letzten beiden Tage in Amsterdam. Nach weiteren vier Tagen in Belgien haben wir gestern die franz\u00f6sische Grenze \u00fcberquert. Mehr \u00fcber unsere Reise, die Pannen mit denen wir mit unserem alten Eisenschwein zu k\u00e4mpfen haben und die T\u00fccken des Alltags mit drei Kindern in einem Wohnmobil, k\u00f6nnt ihr auf unserem privaten Blog lesen.<\/span><\/p>\n<p><a href=\"https:\/\/www.die-mitfahrzentrale.de\/wp-content\/uploads\/2018\/08\/IMG_1728.jpg\"><img loading=\"lazy\" decoding=\"async\" class=\"alignnone size-medium wp-image-2250\" src=\"https:\/\/www.die-mitfahrzentrale.de\/wp-content\/uploads\/2018\/08\/IMG_1728-300x188.jpg\" alt=\"\" width=\"300\" height=\"188\" srcset=\"https:\/\/www.die-mitfahrzentrale.de\/wp-content\/uploads\/2018\/08\/IMG_1728-300x188.jpg 300w, https:\/\/www.die-mitfahrzentrale.de\/wp-content\/uploads\/2018\/08\/IMG_1728-768x480.jpg 768w, https:\/\/www.die-mitfahrzentrale.de\/wp-content\/uploads\/2018\/08\/IMG_1728.jpg 800w\" sizes=\"auto, (max-width: 300px) 100vw, 300px\" \/><\/a><\/p>\n<p><span style=\"font-weight: 400;\">Was mich pers\u00f6nlich echt beeindruckt hat \u2013 und zwar in nicht ausschlie\u00dfliche positiver Weise \u2013 war der Verkehr in Amsterdam. In der Erwartung, eine fr\u00f6hliche, bunte, kreative, h\u00fcbsche Stadt zu besuchen, in der alle Menschen entspannt Fahrrad oder Boot fahren, rollten wir nach Amsterdam hinein\u2026 und durch nicht enden wollende Baustellen hindurch. Quartier fanden wir im \u00fcberteuerten Camperpark im Stadtteil Noord, den wir am gleichen Abend noch zu Fu\u00df erkundeten. Dort fanden wir genau das vor was wir erwartet hatten \u2013 und sogar noch die \u00f6kologisch-sozial-alternative Steigerung davon. Unser Abendessen in einem Caf\u00e9 auf einem ebenso \u00f6kologisch-sozial-nachhaltigen Projektgel\u00e4nde war fantastisch und wir freuten uns auf den n\u00e4chsten Tag, die Fahrt mit der F\u00e4hre und den Bummel durch die Innenstadt.<\/span><\/p>\n<p><a href=\"https:\/\/www.die-mitfahrzentrale.de\/wp-content\/uploads\/2018\/08\/IMG_1749.jpg\"><img loading=\"lazy\" decoding=\"async\" class=\"alignnone size-medium wp-image-2251\" src=\"https:\/\/www.die-mitfahrzentrale.de\/wp-content\/uploads\/2018\/08\/IMG_1749-300x188.jpg\" alt=\"\" width=\"300\" height=\"188\" srcset=\"https:\/\/www.die-mitfahrzentrale.de\/wp-content\/uploads\/2018\/08\/IMG_1749-300x188.jpg 300w, https:\/\/www.die-mitfahrzentrale.de\/wp-content\/uploads\/2018\/08\/IMG_1749-768x481.jpg 768w, https:\/\/www.die-mitfahrzentrale.de\/wp-content\/uploads\/2018\/08\/IMG_1749.jpg 800w\" sizes=\"auto, (max-width: 300px) 100vw, 300px\" \/><\/a><\/p>\n<p><span style=\"font-weight: 400;\">Sobald wir einen Fu\u00df von der F\u00e4hre setzten, die direkt am Hauptbahnhof anlegt, mussten wir jede einzelne Sekunde darauf achten, nicht von einem Fahrrad \u00fcberfahren zu werden! Ja, hier radeln sehr viele Menschen. Aber nicht entspannt. Wie in jeder anderen Gro\u00dfstadt auch, sind alle flei\u00dfig und besch\u00e4ftigt und haben es \u00e4u\u00dferst eilig. Die Stra\u00dfen in der City sind sehr eng, die Gehwege teilweise kaum oder gar nicht mit dem Kinderwagen befahrbar, so schmal. Wir mussten beinahe den ganzen Weg im G\u00e4nsemarsch zur\u00fccklegen. Auch die Grachten konnten das nicht wieder wettmachen, nur die vielen kleinen Boote, mit denen die Bewohner offensichtlich auch ihre t\u00e4glichen Wege zur\u00fcck legen gefielen uns richtig gut. Zu alledem gibt es dann nat\u00fcrlich auch noch die Tram\u2026 und viel zu viele Autos.<\/span><\/p>\n<p><a href=\"https:\/\/www.die-mitfahrzentrale.de\/wp-content\/uploads\/2018\/08\/IMG_1765.jpg\"><img loading=\"lazy\" decoding=\"async\" class=\"alignnone size-medium wp-image-2252\" src=\"https:\/\/www.die-mitfahrzentrale.de\/wp-content\/uploads\/2018\/08\/IMG_1765-300x188.jpg\" alt=\"\" width=\"300\" height=\"188\" srcset=\"https:\/\/www.die-mitfahrzentrale.de\/wp-content\/uploads\/2018\/08\/IMG_1765-300x188.jpg 300w, https:\/\/www.die-mitfahrzentrale.de\/wp-content\/uploads\/2018\/08\/IMG_1765-768x480.jpg 768w, https:\/\/www.die-mitfahrzentrale.de\/wp-content\/uploads\/2018\/08\/IMG_1765.jpg 800w\" sizes=\"auto, (max-width: 300px) 100vw, 300px\" \/><\/a><\/p>\n<p><span style=\"font-weight: 400;\">Was wir mitnehmen, ist ein beeindruckendes Beispiel f\u00fcr einen alternativen Mobilit\u00e4tsmix!<br \/>\n<\/span><span style=\"font-weight: 400;\">Jetzt sind wir gespannt, was uns auf unserer Reise noch an Verkehrs- und Mobilit\u00e4tskuriosit\u00e4ten begegnet\u2026<\/span><\/p>\n<p>Nora Boschatzke<\/p>\n","protected":false},"excerpt":{"rendered":"<p>Seit fast zwei Jahren arbeite ich jetzt f\u00fcr MiFaZ. Wir sind ein tolles Team, unsere Meetings, die f\u00fcr gew\u00f6hnlich alle zwei Wochen stattfinden, sind tats\u00e4chlich gut strukturiert und effektiv und es gibt immer etwas zu lachen. Meine Aufgaben sind vielf\u00e4ltig und abwechslungsreich, manchmal eine Herausforderung aber nie eine \u00dcberforderung. Wir alle wissen, dass der Tag nur 24 h hat und dass niemand alles kann. Und alle bei MiFaZ haben Familie &#8211; und zwar an erster [&hellip;]<\/p>\n","protected":false},"author":4,"featured_media":2253,"comment_status":"open","ping_status":"open","sticky":false,"template":"","format":"standard","meta":{"footnotes":""},"categories":[6,9],"tags":[],"post_folder":[],"class_list":["post-2249","post","type-post","status-publish","format-standard","has-post-thumbnail","hentry","category-neuigkeiten-und-infos-ueber-mifaz","category-telearbeit-arbeit-und-familie"],"_links":{"self":[{"href":"https:\/\/www.die-mitfahrzentrale.de\/en\/wp-json\/wp\/v2\/posts\/2249","targetHints":{"allow":["GET"]}}],"collection":[{"href":"https:\/\/www.die-mitfahrzentrale.de\/en\/wp-json\/wp\/v2\/posts"}],"about":[{"href":"https:\/\/www.die-mitfahrzentrale.de\/en\/wp-json\/wp\/v2\/types\/post"}],"author":[{"embeddable":true,"href":"https:\/\/www.die-mitfahrzentrale.de\/en\/wp-json\/wp\/v2\/users\/4"}],"replies":[{"embeddable":true,"href":"https:\/\/www.die-mitfahrzentrale.de\/en\/wp-json\/wp\/v2\/comments?post=2249"}],"version-history":[{"count":2,"href":"https:\/\/www.die-mitfahrzentrale.de\/en\/wp-json\/wp\/v2\/posts\/2249\/revisions"}],"predecessor-version":[{"id":3110,"href":"https:\/\/www.die-mitfahrzentrale.de\/en\/wp-json\/wp\/v2\/posts\/2249\/revisions\/3110"}],"wp:featuredmedia":[{"embeddable":true,"href":"https:\/\/www.die-mitfahrzentrale.de\/en\/wp-json\/wp\/v2\/media\/2253"}],"wp:attachment":[{"href":"https:\/\/www.die-mitfahrzentrale.de\/en\/wp-json\/wp\/v2\/media?parent=2249"}],"wp:term":[{"taxonomy":"category","embeddable":true,"href":"https:\/\/www.die-mitfahrzentrale.de\/en\/wp-json\/wp\/v2\/categories?post=2249"},{"taxonomy":"post_tag","embeddable":true,"href":"https:\/\/www.die-mitfahrzentrale.de\/en\/wp-json\/wp\/v2\/tags?post=2249"},{"taxonomy":"post_folder","embeddable":true,"href":"https:\/\/www.die-mitfahrzentrale.de\/en\/wp-json\/wp\/v2\/post_folder?post=2249"}],"curies":[{"name":"wp","href":"https:\/\/api.w.org\/{rel}","templated":true}]}}