{"id":2116,"date":"2016-12-22T10:03:37","date_gmt":"2016-12-22T09:03:37","guid":{"rendered":"http:\/\/www.die-mitfahrzentrale.de\/?p=2116"},"modified":"2023-08-23T13:48:32","modified_gmt":"2023-08-23T13:48:32","slug":"frohe-weihnachten","status":"publish","type":"post","link":"https:\/\/www.die-mitfahrzentrale.de\/en\/frohe-weihnachten\/","title":{"rendered":"Frohe Weihnachten"},"content":{"rendered":"<p>Das MiFaZ-Team w\u00fcnscht euch frohe Weihnachten und sch\u00f6ne Stunden im Kreise eurer Lieben! Auch zwischen den Jahren sind wir im Support f\u00fcr euch da wenn auch etwas eingeschr\u00e4nkter als normal so dass es ein kann, dass die Antwort nicht gleich kommt.<\/p>\n","protected":false},"excerpt":{"rendered":"<p>Das MiFaZ-Team w\u00fcnscht euch frohe Weihnachten und sch\u00f6ne Stunden im Kreise eurer Lieben! Auch zwischen den Jahren sind wir im Support f\u00fcr euch da wenn auch etwas eingeschr\u00e4nkter als normal so dass es ein kann, dass die Antwort nicht gleich kommt.<\/p>\n","protected":false},"author":3,"featured_media":2117,"comment_status":"open","ping_status":"open","sticky":false,"template":"","format":"standard","meta":{"footnotes":""},"categories":[6],"tags":[],"post_folder":[],"class_list":["post-2116","post","type-post","status-publish","format-standard","has-post-thumbnail","hentry","category-neuigkeiten-und-infos-ueber-mifaz"],"_links":{"self":[{"href":"https:\/\/www.die-mitfahrzentrale.de\/en\/wp-json\/wp\/v2\/posts\/2116","targetHints":{"allow":["GET"]}}],"collection":[{"href":"https:\/\/www.die-mitfahrzentrale.de\/en\/wp-json\/wp\/v2\/posts"}],"about":[{"href":"https:\/\/www.die-mitfahrzentrale.de\/en\/wp-json\/wp\/v2\/types\/post"}],"author":[{"embeddable":true,"href":"https:\/\/www.die-mitfahrzentrale.de\/en\/wp-json\/wp\/v2\/users\/3"}],"replies":[{"embeddable":true,"href":"https:\/\/www.die-mitfahrzentrale.de\/en\/wp-json\/wp\/v2\/comments?post=2116"}],"version-history":[{"count":2,"href":"https:\/\/www.die-mitfahrzentrale.de\/en\/wp-json\/wp\/v2\/posts\/2116\/revisions"}],"predecessor-version":[{"id":3138,"href":"https:\/\/www.die-mitfahrzentrale.de\/en\/wp-json\/wp\/v2\/posts\/2116\/revisions\/3138"}],"wp:featuredmedia":[{"embeddable":true,"href":"https:\/\/www.die-mitfahrzentrale.de\/en\/wp-json\/wp\/v2\/media\/2117"}],"wp:attachment":[{"href":"https:\/\/www.die-mitfahrzentrale.de\/en\/wp-json\/wp\/v2\/media?parent=2116"}],"wp:term":[{"taxonomy":"category","embeddable":true,"href":"https:\/\/www.die-mitfahrzentrale.de\/en\/wp-json\/wp\/v2\/categories?post=2116"},{"taxonomy":"post_tag","embeddable":true,"href":"https:\/\/www.die-mitfahrzentrale.de\/en\/wp-json\/wp\/v2\/tags?post=2116"},{"taxonomy":"post_folder","embeddable":true,"href":"https:\/\/www.die-mitfahrzentrale.de\/en\/wp-json\/wp\/v2\/post_folder?post=2116"}],"curies":[{"name":"wp","href":"https:\/\/api.w.org\/{rel}","templated":true}]}}