{"id":1986,"date":"2016-05-02T15:21:08","date_gmt":"2016-05-02T13:21:08","guid":{"rendered":"http:\/\/www.die-mitfahrzentrale.de\/?p=1986"},"modified":"2023-08-23T13:48:32","modified_gmt":"2023-08-23T13:48:32","slug":"5-tipps-zur-verbesserten-haltbarkeit-von-e-auto-akkus","status":"publish","type":"post","link":"https:\/\/www.die-mitfahrzentrale.de\/en\/5-tipps-zur-verbesserten-haltbarkeit-von-e-auto-akkus\/","title":{"rendered":"5 Tipps zur verbesserten Haltbarkeit von E-Auto Akkus"},"content":{"rendered":"<p>Ab Juni werden von Seiten der Bundesregierung 4.000 Euro Kaufpr\u00e4mie f\u00fcr ein E-Auto beigesteuert. Hybrid-Modelle sollen immerhin noch eine F\u00f6rderung von 3.000 Euro erhalten. Die Hauptproblematik mit den Anschaffungskosten und der Reichweite wird jedoch auch mit der Pr\u00e4mie nicht behoben.<\/p>\n<p>Die Pr\u00e4mie ist zudem maximal bis ins Jahr 2019 gew\u00e4hrleistet. Alternativ wird die Kaufpr\u00e4mie eingestellt, wenn die eingeplanten 1,2 Milliarden Euro ausgegeben wurden. F\u00fcr richtig lange Fahrten ist ein E-Auto derzeit kaum geeignet. Wer sich dennoch einen \u201eFl\u00fcsterwagen\u201c kaufen m\u00f6chte, der sollte sorgsam mit dem Akku umgehen.<\/p>\n<h2>So wird die Haltbarkeit des Akkus im E-Auto verbessert<\/h2>\n<p>Die Hochvolt-Batterien von Elektroautos sollten nicht beliebig geladen werden. Zahlreiche Tipps sind zu beachten, um das optimale Ergebnis zu erzielen. Denn der E-Auto-Akku kostet gerne mal mehrere tausend Euro.<\/p>\n<ol>\n<li><strong>Ladungen nicht vollst\u00e4ndig verfahren<\/strong>: Bestanfalls w\u00fcrde sich der Akku-Stand immer im mittleren Bereich aufhalten. Dies ist beim Autofahren nat\u00fcrlich nicht denkbar. Aber tiefer als 20 Prozent sollte die Ladung, im Sinne des Akkus, nicht verbraucht werden.<\/li>\n<li><strong>Auf Schnellladungen verzichten<\/strong>: An einer Elektrotankstelle ist auch dieses Vorgehen nicht opportun. Dennoch ist langsames Aufladen schonender als die Schnellladungen. Der Akku altert hierbei vor seiner Zeit. Gelegentlich kann dieses Prinzip aber ohne Qualit\u00e4tsverlust in Anspruch genommen werden.<\/li>\n<li><strong>Nicht ausgek\u00fchlt laden<\/strong>: Im kalten Winter sollte der Akku nach der Heimkehr geladen werden. Denn dann ist das Auto noch warm und l\u00e4dt schonender.<\/li>\n<li><strong>Auto k\u00fchl parken<\/strong>: Im Sommer darf der Akku keiner zu gro\u00dfen Hitze ausgesetzt werden. Wer im Schatten parkt oder den PKW auf einer k\u00fchlenden Unterfl\u00e4che abstellt, macht alles richtig.<\/li>\n<li><strong>Vollst\u00e4ndige Aufladungen vermeiden<\/strong>: Eingangs wurde schon auf eine Restreserve hingewiesen. Aber auch Vollladungen sind, im Sinne der Haltbarkeit, zu vermeiden. Wenn dennoch vollst\u00e4ndig geladen werden soll, so sind die letzten 20 Prozent erst kurz vor der Abfahrt aufzubringen.<\/li>\n<\/ol>\n","protected":false},"excerpt":{"rendered":"<p>Ab Juni werden von Seiten der Bundesregierung 4.000 Euro Kaufpr\u00e4mie f\u00fcr ein E-Auto beigesteuert. Hybrid-Modelle sollen immerhin noch eine F\u00f6rderung von 3.000 Euro erhalten. Die Hauptproblematik mit den Anschaffungskosten und der Reichweite wird jedoch auch mit der Pr\u00e4mie nicht behoben. Die Pr\u00e4mie ist zudem maximal bis ins Jahr 2019 gew\u00e4hrleistet. Alternativ wird die Kaufpr\u00e4mie eingestellt, wenn die eingeplanten 1,2 Milliarden Euro ausgegeben wurden. F\u00fcr richtig lange Fahrten ist ein E-Auto derzeit kaum geeignet. Wer sich [&hellip;]<\/p>\n","protected":false},"author":1,"featured_media":0,"comment_status":"open","ping_status":"open","sticky":false,"template":"","format":"standard","meta":{"footnotes":""},"categories":[10,11],"tags":[50],"post_folder":[],"class_list":["post-1986","post","type-post","status-publish","format-standard","hentry","category-umweltschutz-und-nachhaltigkeit","category-verkehr-und-mobilitaet","tag-verkehr"],"_links":{"self":[{"href":"https:\/\/www.die-mitfahrzentrale.de\/en\/wp-json\/wp\/v2\/posts\/1986","targetHints":{"allow":["GET"]}}],"collection":[{"href":"https:\/\/www.die-mitfahrzentrale.de\/en\/wp-json\/wp\/v2\/posts"}],"about":[{"href":"https:\/\/www.die-mitfahrzentrale.de\/en\/wp-json\/wp\/v2\/types\/post"}],"author":[{"embeddable":true,"href":"https:\/\/www.die-mitfahrzentrale.de\/en\/wp-json\/wp\/v2\/users\/1"}],"replies":[{"embeddable":true,"href":"https:\/\/www.die-mitfahrzentrale.de\/en\/wp-json\/wp\/v2\/comments?post=1986"}],"version-history":[{"count":2,"href":"https:\/\/www.die-mitfahrzentrale.de\/en\/wp-json\/wp\/v2\/posts\/1986\/revisions"}],"predecessor-version":[{"id":3159,"href":"https:\/\/www.die-mitfahrzentrale.de\/en\/wp-json\/wp\/v2\/posts\/1986\/revisions\/3159"}],"wp:attachment":[{"href":"https:\/\/www.die-mitfahrzentrale.de\/en\/wp-json\/wp\/v2\/media?parent=1986"}],"wp:term":[{"taxonomy":"category","embeddable":true,"href":"https:\/\/www.die-mitfahrzentrale.de\/en\/wp-json\/wp\/v2\/categories?post=1986"},{"taxonomy":"post_tag","embeddable":true,"href":"https:\/\/www.die-mitfahrzentrale.de\/en\/wp-json\/wp\/v2\/tags?post=1986"},{"taxonomy":"post_folder","embeddable":true,"href":"https:\/\/www.die-mitfahrzentrale.de\/en\/wp-json\/wp\/v2\/post_folder?post=1986"}],"curies":[{"name":"wp","href":"https:\/\/api.w.org\/{rel}","templated":true}]}}