{"id":19,"date":"2009-10-25T19:05:08","date_gmt":"2009-10-25T18:05:08","guid":{"rendered":"http:\/\/die-mitfahrzentrale.de\/?p=19"},"modified":"2023-08-23T13:49:08","modified_gmt":"2023-08-23T13:49:08","slug":"suchfunktion-jetzt-noch-intelligenter","status":"publish","type":"post","link":"https:\/\/www.die-mitfahrzentrale.de\/en\/suchfunktion-jetzt-noch-intelligenter\/","title":{"rendered":"Suchfunktion jetzt noch intelligenter"},"content":{"rendered":"<p>Die Korridorsuche wurde erweitert: Ber\u00fccksichtigt f\u00fcr die Suchergebnisse wird nun auch die Streckenl\u00e4nge:\u00a0 Sucht jemand eine Mitfahrgelegenheit f\u00fcr eine kurze Strecke, werden Inserenten, die eine sehr lange Fahrt haben, nicht mit aufgelistet.\u00a0 Das ist sinnvoll, weil jemand, der von Flensburg bis Freiburg f\u00e4hrt, sicher nicht gewillt ist, jemanden mitzunehmen, der nur 30 km Strecke hat &#8211; ganz abgesehen von der Schwierigkeit, hier noch Uhrzeiten festlegen zu k\u00f6nnen.\u00a0 Gefunden wird ein Inserat Flensburg-Freiburg nat\u00fcrlich weiterhin, wenn man z.B. eine Fahrt von Stuttgart nachFreiburg sucht, hier ist das Verh\u00e4ltnis angemessen. Generell haben wir als Formel zugrunde gelegt, dass die Streckenl\u00e4nge des Mitfahrers mindestens ein Zehntel der Gesamtstrecke betragen sollte. Ihr k\u00f6nnt uns hierzu gerne eure Meinungen schreiben.<\/p>\n","protected":false},"excerpt":{"rendered":"<p>Die Korridorsuche wurde erweitert: Ber\u00fccksichtigt f\u00fcr die Suchergebnisse wird nun auch die Streckenl\u00e4nge:\u00a0 Sucht jemand eine Mitfahrgelegenheit f\u00fcr eine kurze Strecke, werden Inserenten, die eine sehr lange Fahrt haben, nicht mit aufgelistet.\u00a0 Das ist sinnvoll, weil jemand, der von Flensburg bis Freiburg f\u00e4hrt, sicher nicht gewillt ist, jemanden mitzunehmen, der nur 30 km Strecke hat &#8211; ganz abgesehen von der Schwierigkeit, hier noch Uhrzeiten festlegen zu k\u00f6nnen.\u00a0 Gefunden wird ein Inserat Flensburg-Freiburg nat\u00fcrlich weiterhin, wenn [&hellip;]<\/p>\n","protected":false},"author":2,"featured_media":0,"comment_status":"open","ping_status":"open","sticky":false,"template":"","format":"standard","meta":{"footnotes":""},"categories":[4,6],"tags":[],"post_folder":[],"class_list":["post-19","post","type-post","status-publish","format-standard","hentry","category-internettechnologien-umgang-und-gestaltung","category-neuigkeiten-und-infos-ueber-mifaz"],"_links":{"self":[{"href":"https:\/\/www.die-mitfahrzentrale.de\/en\/wp-json\/wp\/v2\/posts\/19","targetHints":{"allow":["GET"]}}],"collection":[{"href":"https:\/\/www.die-mitfahrzentrale.de\/en\/wp-json\/wp\/v2\/posts"}],"about":[{"href":"https:\/\/www.die-mitfahrzentrale.de\/en\/wp-json\/wp\/v2\/types\/post"}],"author":[{"embeddable":true,"href":"https:\/\/www.die-mitfahrzentrale.de\/en\/wp-json\/wp\/v2\/users\/2"}],"replies":[{"embeddable":true,"href":"https:\/\/www.die-mitfahrzentrale.de\/en\/wp-json\/wp\/v2\/comments?post=19"}],"version-history":[{"count":1,"href":"https:\/\/www.die-mitfahrzentrale.de\/en\/wp-json\/wp\/v2\/posts\/19\/revisions"}],"predecessor-version":[{"id":3828,"href":"https:\/\/www.die-mitfahrzentrale.de\/en\/wp-json\/wp\/v2\/posts\/19\/revisions\/3828"}],"wp:attachment":[{"href":"https:\/\/www.die-mitfahrzentrale.de\/en\/wp-json\/wp\/v2\/media?parent=19"}],"wp:term":[{"taxonomy":"category","embeddable":true,"href":"https:\/\/www.die-mitfahrzentrale.de\/en\/wp-json\/wp\/v2\/categories?post=19"},{"taxonomy":"post_tag","embeddable":true,"href":"https:\/\/www.die-mitfahrzentrale.de\/en\/wp-json\/wp\/v2\/tags?post=19"},{"taxonomy":"post_folder","embeddable":true,"href":"https:\/\/www.die-mitfahrzentrale.de\/en\/wp-json\/wp\/v2\/post_folder?post=19"}],"curies":[{"name":"wp","href":"https:\/\/api.w.org\/{rel}","templated":true}]}}