{"id":1886,"date":"2015-09-16T10:49:04","date_gmt":"2015-09-16T08:49:04","guid":{"rendered":"http:\/\/www.die-mitfahrzentrale.de\/?p=1886"},"modified":"2023-08-23T13:48:34","modified_gmt":"2023-08-23T13:48:34","slug":"porsche-bringt-das-e-auto-von-null-auf-200-in-12-sekunden","status":"publish","type":"post","link":"https:\/\/www.die-mitfahrzentrale.de\/en\/porsche-bringt-das-e-auto-von-null-auf-200-in-12-sekunden\/","title":{"rendered":"Porsche bringt das E-Auto von Null auf 200 in 12 Sekunden"},"content":{"rendered":"<p>Trotz Bem\u00fchungen der Regierung sind die Elektroautos noch nicht im klassischen Haushalt angekommen. Vergleichsweise teuer, mit zu geringer Reichweite, kann das Argument Umweltschutz nicht greifen. Auch die Autohersteller sind in der Pflicht.<\/p>\n<p>Porsche versucht es mit Geschwindigkeit, Eleganz und 600 PS. Autofahren soll auch mit einem Elektrischen Spa\u00df machen, so die Devise.<\/p>\n<h2>IAA: Porsche pr\u00e4sentiert seinen ersten E-Sportwagen<\/h2>\n<p>F\u00fcr sportliche Autos ist Porsche bekannt. Wer einen Wagen dieser Marke f\u00e4hrt, der m\u00f6chte Geschwindigkeit, Beschleunigung und ein sportliches Aussehen. Aber vielleicht k\u00f6nnen diese Aspekte und die Umwelt sogar in Einklang gebracht werden.<\/p>\n<p>Porsche best\u00e4tigte, dass man sich schon l\u00e4nger mit dem E-Auto und alternativen Antriebskonzepten besch\u00e4ftige. Dem Hersteller ist wichtig, dass Tempo trotz der Elektromobilit\u00e4t nicht zu kurz kommt. Das Modell soll mit \u00fcber 600 PS innerhalb von drei Sekunden von Null auf 100 km\/h beschleunigen.<\/p>\n<p>Die erste Frage die sich stellt, ist der Reichweite gewidmet. Tats\u00e4chlich soll der Porsche, welcher auf den Namen \u201eMission E\u201c h\u00f6rt, 500 Kilometer mit einer Aufladung schaffen. Die Ladezeit wird so konzipiert, dass 80 Prozent innerhalb von 15 Minuten erreicht werden.<\/p>\n<p>Weiterhin geh\u00f6ren auch Fahrger\u00e4usche zu einem Porsche. Wer das Gaspedal durchtritt, der m\u00f6chte den Motor R\u00f6hren h\u00f6ren. Ein E-Auto kann jedoch ger\u00e4uschlos fahren. Eine Zwickm\u00fchle, die Porsche noch nicht vollends gel\u00f6st hat. Einerseits wird standardm\u00e4\u00dfig, wie bei anderen E-Autos, kein Sound zu h\u00f6ren sein. Auf der anderen Seite k\u00f6nnte dieser k\u00fcnstlich hergestellt werden.<\/p>\n<p>Von Tesla m\u00f6chte man sich gezielt absetzen. Die Amerikaner k\u00f6nnen ebenfalls E-Autos mit hoher Reichweite und z\u00fcgiger Beschleunigung herstellen. Porsche Chef M\u00fcller m\u00f6chte es aber \u201ebesser machen\u201c und auch mehr als die 20.000 Autos von Tesla im Jahr verkaufen.<\/p>\n<p>Auch in der Geschwindigkeit soll Tesla \u00fcberboten werden. Denn der neue Porsche, welcher Ende dieses Jahrzehnts auf den Markt kommen k\u00f6nnte, soll auf der Autobahn durchg\u00e4ngig in der Lage sein die linke Fahrspur zu nutzen und trotzdem seine 500 Kilometer mit einer Ladung schaffen.<\/p>\n","protected":false},"excerpt":{"rendered":"<p>Trotz Bem\u00fchungen der Regierung sind die Elektroautos noch nicht im klassischen Haushalt angekommen. Vergleichsweise teuer, mit zu geringer Reichweite, kann das Argument Umweltschutz nicht greifen. Auch die Autohersteller sind in der Pflicht. Porsche versucht es mit Geschwindigkeit, Eleganz und 600 PS. Autofahren soll auch mit einem Elektrischen Spa\u00df machen, so die Devise. IAA: Porsche pr\u00e4sentiert seinen ersten E-Sportwagen F\u00fcr sportliche Autos ist Porsche bekannt. Wer einen Wagen dieser Marke f\u00e4hrt, der m\u00f6chte Geschwindigkeit, Beschleunigung und [&hellip;]<\/p>\n","protected":false},"author":1,"featured_media":0,"comment_status":"open","ping_status":"open","sticky":false,"template":"","format":"standard","meta":{"footnotes":""},"categories":[10,11],"tags":[46,50],"post_folder":[],"class_list":["post-1886","post","type-post","status-publish","format-standard","hentry","category-umweltschutz-und-nachhaltigkeit","category-verkehr-und-mobilitaet","tag-umwelt","tag-verkehr"],"_links":{"self":[{"href":"https:\/\/www.die-mitfahrzentrale.de\/en\/wp-json\/wp\/v2\/posts\/1886","targetHints":{"allow":["GET"]}}],"collection":[{"href":"https:\/\/www.die-mitfahrzentrale.de\/en\/wp-json\/wp\/v2\/posts"}],"about":[{"href":"https:\/\/www.die-mitfahrzentrale.de\/en\/wp-json\/wp\/v2\/types\/post"}],"author":[{"embeddable":true,"href":"https:\/\/www.die-mitfahrzentrale.de\/en\/wp-json\/wp\/v2\/users\/1"}],"replies":[{"embeddable":true,"href":"https:\/\/www.die-mitfahrzentrale.de\/en\/wp-json\/wp\/v2\/comments?post=1886"}],"version-history":[{"count":2,"href":"https:\/\/www.die-mitfahrzentrale.de\/en\/wp-json\/wp\/v2\/posts\/1886\/revisions"}],"predecessor-version":[{"id":3193,"href":"https:\/\/www.die-mitfahrzentrale.de\/en\/wp-json\/wp\/v2\/posts\/1886\/revisions\/3193"}],"wp:attachment":[{"href":"https:\/\/www.die-mitfahrzentrale.de\/en\/wp-json\/wp\/v2\/media?parent=1886"}],"wp:term":[{"taxonomy":"category","embeddable":true,"href":"https:\/\/www.die-mitfahrzentrale.de\/en\/wp-json\/wp\/v2\/categories?post=1886"},{"taxonomy":"post_tag","embeddable":true,"href":"https:\/\/www.die-mitfahrzentrale.de\/en\/wp-json\/wp\/v2\/tags?post=1886"},{"taxonomy":"post_folder","embeddable":true,"href":"https:\/\/www.die-mitfahrzentrale.de\/en\/wp-json\/wp\/v2\/post_folder?post=1886"}],"curies":[{"name":"wp","href":"https:\/\/api.w.org\/{rel}","templated":true}]}}