{"id":1764,"date":"2014-12-03T15:13:55","date_gmt":"2014-12-03T14:13:55","guid":{"rendered":"http:\/\/www.die-mitfahrzentrale.de\/?p=1764"},"modified":"2023-08-23T13:48:36","modified_gmt":"2023-08-23T13:48:36","slug":"mifaz-fuer-den-landkreis-unterallgaeu","status":"publish","type":"post","link":"https:\/\/www.die-mitfahrzentrale.de\/en\/mifaz-fuer-den-landkreis-unterallgaeu\/","title":{"rendered":"MiFaZ f\u00fcr den Landkreis Unterallg\u00e4u"},"content":{"rendered":"<p>Die MiFaZ f\u00fcr Unterallg\u00e4u ist mitsamt Gemeinden nun auch dabei. Sie wird auch in die Unterallg\u00e4u-App mit eingebunden.<br \/>\nWeitere Infos gibt es auf folgendem Artikel:<br \/>\n<a href=\"http:\/\/www.all-in.de\/nachrichten\/lokales\/Unterallgaeuer-Mitfahrzentrale-jetzt-online;art26090,1820670\" title=\"Unterallg\u00e4uer Mitfahrzentrale jetzt online\">Unterallg\u00e4uer Mitfahrzentrale jetzt Online.<\/a><\/p>\n","protected":false},"excerpt":{"rendered":"<p>Die MiFaZ f\u00fcr Unterallg\u00e4u ist mitsamt Gemeinden nun auch dabei. Sie wird auch in die Unterallg\u00e4u-App mit eingebunden. Weitere Infos gibt es auf folgendem Artikel: Unterallg\u00e4uer Mitfahrzentrale jetzt Online.<\/p>\n","protected":false},"author":2,"featured_media":0,"comment_status":"open","ping_status":"open","sticky":false,"template":"","format":"standard","meta":{"footnotes":""},"categories":[5,6],"tags":[],"post_folder":[],"class_list":["post-1764","post","type-post","status-publish","format-standard","hentry","category-mifaz-regional","category-neuigkeiten-und-infos-ueber-mifaz"],"_links":{"self":[{"href":"https:\/\/www.die-mitfahrzentrale.de\/en\/wp-json\/wp\/v2\/posts\/1764","targetHints":{"allow":["GET"]}}],"collection":[{"href":"https:\/\/www.die-mitfahrzentrale.de\/en\/wp-json\/wp\/v2\/posts"}],"about":[{"href":"https:\/\/www.die-mitfahrzentrale.de\/en\/wp-json\/wp\/v2\/types\/post"}],"author":[{"embeddable":true,"href":"https:\/\/www.die-mitfahrzentrale.de\/en\/wp-json\/wp\/v2\/users\/2"}],"replies":[{"embeddable":true,"href":"https:\/\/www.die-mitfahrzentrale.de\/en\/wp-json\/wp\/v2\/comments?post=1764"}],"version-history":[{"count":1,"href":"https:\/\/www.die-mitfahrzentrale.de\/en\/wp-json\/wp\/v2\/posts\/1764\/revisions"}],"predecessor-version":[{"id":3244,"href":"https:\/\/www.die-mitfahrzentrale.de\/en\/wp-json\/wp\/v2\/posts\/1764\/revisions\/3244"}],"wp:attachment":[{"href":"https:\/\/www.die-mitfahrzentrale.de\/en\/wp-json\/wp\/v2\/media?parent=1764"}],"wp:term":[{"taxonomy":"category","embeddable":true,"href":"https:\/\/www.die-mitfahrzentrale.de\/en\/wp-json\/wp\/v2\/categories?post=1764"},{"taxonomy":"post_tag","embeddable":true,"href":"https:\/\/www.die-mitfahrzentrale.de\/en\/wp-json\/wp\/v2\/tags?post=1764"},{"taxonomy":"post_folder","embeddable":true,"href":"https:\/\/www.die-mitfahrzentrale.de\/en\/wp-json\/wp\/v2\/post_folder?post=1764"}],"curies":[{"name":"wp","href":"https:\/\/api.w.org\/{rel}","templated":true}]}}