{"id":1760,"date":"2014-11-24T08:36:53","date_gmt":"2014-11-24T07:36:53","guid":{"rendered":"http:\/\/www.die-mitfahrzentrale.de\/?p=1760"},"modified":"2023-08-23T13:48:36","modified_gmt":"2023-08-23T13:48:36","slug":"oekologische-weihnachten-ein-gruenes-fest","status":"publish","type":"post","link":"https:\/\/www.die-mitfahrzentrale.de\/en\/oekologische-weihnachten-ein-gruenes-fest\/","title":{"rendered":"\u00d6kologische Weihnachten \u2013 Ein gr\u00fcnes Fest!"},"content":{"rendered":"<p>Heute in einem Monat ist Heiligabend. F\u00fcr viele Familien und insbesondere f\u00fcr die Kinder das sch\u00f6nste Fest im ganzen Jahr. Aber es ist auch eine Abfallorgie und nicht selten ein Fest der Umweltverschmutzung. Schon im letzten Jahr haben wir von <a href=\"https:\/\/www.die-mitfahrzentrale.de\/2013\/12\/umweltfreundlich-weihnachten-feiern\/\">\u201eUmweltfreundlichen Weihnachten\u201c<\/a> berichtet. Jetzt wollen wir diese Tipps erweitern.<\/p>\n<h2>\u00d6kologische Weihnachten \u2013 Worauf ist zu achten?<\/h2>\n<p>Keine Sorge, die Weihnachtszeit bleibt auch mit diesen Tipps die sch\u00f6nste Zeit des Jahres. Nur dass jetzt auch die Umwelt geschont wird.<\/p>\n<ol>\n<li><strong>Fleisch kaufen<\/strong> \u2013 Bei vielen Familien wird zu Weihnachten eine Gans verspeist. Es ist hierbei ratsam diese nicht aus der Massentierhaltung einzukaufen. Wer beim Landwirt \u201eum die Ecke\u201c kauft, der erh\u00e4lt \u00f6kologisches Fleisch und unterst\u00fctzt die eigene Region.<\/li>\n<li><strong>Lichterketten<\/strong> \u2013 Damit das Haus auch von au\u00dfen gl\u00e4nzt und blinkt, sind Lichterketten stark in Mode. Wird die Weihnachtsbeleuchtung mit Leuchtdioden ausgestattet, k\u00f6nnen die Stromkosten gesenkt werden. Der Anblick bleibt dabei weihnachtlich.<\/li>\n<li><strong>Kerzen aufstellen<\/strong> \u2013 Nicht alle Kerzen sind umweltschonend! In Duftstoffen, Farben und Lacken k\u00f6nnen Schadstoffe enthalten sein. Beim Kauf einer Kerze sollte das \u201eRAL-G\u00fctezeichen\u201c zu erkennen sein. Teelichter werden vom <a href=\"http:\/\/www.bund.net\/nc\/service\/oekotipps\/detail\/zurueck\/suche-in-den-oekotipps\/artikel\/aluminium-leichtgewicht-mit-schweren-folgen\/teelicht\/\">Bund<\/a> ebenfalls nicht empfohlen, da diese mit Aluminium ummantelt sind.<\/li>\n<li><strong>Karten schenken<\/strong> \u2013 Auf die Geschenke werden h\u00e4ufig Karten geklebt. Auch von den Gro\u00dfeltern gibt es h\u00e4ufig eine Karte mit Geld als Inhalt. Neu in Mode sind jedoch die Karten mit Melodien. Hier ist jedoch eine Knopfzelle enthalten, welche sch\u00e4dliches Quecksilber enth\u00e4lt. Darauf sollte verzichtet werden. Kinder k\u00f6nnen sowieso mit selbstgebastelten Karten mehr Eindruck erzielen.<\/li>\n<li><strong>Schick verpacken<\/strong> \u2013 Wer seine Geschenke unbedingt verpacken m\u00f6chte und nicht auf das belastete Geschenkpapier zur\u00fcckgreifen will, der sollte auf Seide zur\u00fcckgreifen. Ein sch\u00f6ner Stoff, welcher f\u00fcr die Ummantelung von Geschenken bestens geeignet ist. Allerdings ist Seide nicht ganz billig, so dass es bereits als Bestandteil des Geschenkes angesehen werden kann.<\/li>\n<\/ol>\n<p>Mit diesen Tipps wird das Weihnachten gr\u00fcn und hoffentlich auch wei\u00df.<\/p>\n","protected":false},"excerpt":{"rendered":"<p>Heute in einem Monat ist Heiligabend. F\u00fcr viele Familien und insbesondere f\u00fcr die Kinder das sch\u00f6nste Fest im ganzen Jahr. Aber es ist auch eine Abfallorgie und nicht selten ein Fest der Umweltverschmutzung. Schon im letzten Jahr haben wir von \u201eUmweltfreundlichen Weihnachten\u201c berichtet. Jetzt wollen wir diese Tipps erweitern. \u00d6kologische Weihnachten \u2013 Worauf ist zu achten? Keine Sorge, die Weihnachtszeit bleibt auch mit diesen Tipps die sch\u00f6nste Zeit des Jahres. Nur dass jetzt auch die [&hellip;]<\/p>\n","protected":false},"author":1,"featured_media":0,"comment_status":"open","ping_status":"open","sticky":false,"template":"","format":"standard","meta":{"footnotes":""},"categories":[10],"tags":[46],"post_folder":[],"class_list":["post-1760","post","type-post","status-publish","format-standard","hentry","category-umweltschutz-und-nachhaltigkeit","tag-umwelt"],"_links":{"self":[{"href":"https:\/\/www.die-mitfahrzentrale.de\/en\/wp-json\/wp\/v2\/posts\/1760","targetHints":{"allow":["GET"]}}],"collection":[{"href":"https:\/\/www.die-mitfahrzentrale.de\/en\/wp-json\/wp\/v2\/posts"}],"about":[{"href":"https:\/\/www.die-mitfahrzentrale.de\/en\/wp-json\/wp\/v2\/types\/post"}],"author":[{"embeddable":true,"href":"https:\/\/www.die-mitfahrzentrale.de\/en\/wp-json\/wp\/v2\/users\/1"}],"replies":[{"embeddable":true,"href":"https:\/\/www.die-mitfahrzentrale.de\/en\/wp-json\/wp\/v2\/comments?post=1760"}],"version-history":[{"count":1,"href":"https:\/\/www.die-mitfahrzentrale.de\/en\/wp-json\/wp\/v2\/posts\/1760\/revisions"}],"predecessor-version":[{"id":3245,"href":"https:\/\/www.die-mitfahrzentrale.de\/en\/wp-json\/wp\/v2\/posts\/1760\/revisions\/3245"}],"wp:attachment":[{"href":"https:\/\/www.die-mitfahrzentrale.de\/en\/wp-json\/wp\/v2\/media?parent=1760"}],"wp:term":[{"taxonomy":"category","embeddable":true,"href":"https:\/\/www.die-mitfahrzentrale.de\/en\/wp-json\/wp\/v2\/categories?post=1760"},{"taxonomy":"post_tag","embeddable":true,"href":"https:\/\/www.die-mitfahrzentrale.de\/en\/wp-json\/wp\/v2\/tags?post=1760"},{"taxonomy":"post_folder","embeddable":true,"href":"https:\/\/www.die-mitfahrzentrale.de\/en\/wp-json\/wp\/v2\/post_folder?post=1760"}],"curies":[{"name":"wp","href":"https:\/\/api.w.org\/{rel}","templated":true}]}}