{"id":1745,"date":"2014-10-24T11:37:46","date_gmt":"2014-10-24T09:37:46","guid":{"rendered":"http:\/\/www.die-mitfahrzentrale.de\/?p=1745"},"modified":"2023-08-23T13:48:37","modified_gmt":"2023-08-23T13:48:37","slug":"die-mifaz-ist-bei-der-consumenta-der-einkaufs-und-erlebnismesse","status":"publish","type":"post","link":"https:\/\/www.die-mitfahrzentrale.de\/en\/die-mifaz-ist-bei-der-consumenta-der-einkaufs-und-erlebnismesse\/","title":{"rendered":"Die MiFaZ ist bei der Consumenta \u2013 Der Einkaufs- und Erlebnismesse!"},"content":{"rendered":"<p>Auch in diesem Jahr findet in N\u00fcrnberg die Consumenta statt. Es handelt sich hierbei um eine Messe, welche sich mit den Themen Wellness, Events, Wohnen und Bauen, sowie Lifestyle besch\u00e4ftigt. Aus der Industrie, dem Handel und Handwerk, sowie dem Dienstleistungsgewerbe kommen ungef\u00e4hr 1.000 Aussteller und pr\u00e4sentieren Angebote, Produkte und neue Trends. Auch die MiFaZ ist mit einem Stand auf der <strong>Consumenta in N\u00fcrnberg<\/strong> vertreten!<\/p>\n<h2>Was wird auf der Consumenta geboten?<\/h2>\n<p>In unterschiedlichen Hallen werden diverse Waren und Produkte vorgef\u00fchrt, Dienstleistungen vorgestellt und Neuerungen und Trends aus allen Bereichen pr\u00e4sentiert. Ein kleiner Ausschnitt kann nachfolgend eingesehen werden.<\/p>\n<ul>\n<li>HausFreunde-Forum\n<ul>\n<li>Warum Hunde bei\u00dfen! Lassen Sie sich in einen Hund versetzen<\/li>\n<li>Akupunktur bei Hund und Katze \u2013 wie funktioniert das?<\/li>\n<\/ul>\n<\/li>\n<li>Vorf\u00fchrprogramm und Mitmachprogramm auf der \u201eHundewiese\u201c\n<ul>\n<li>Einblick in die Arbeit der Rettungshunde<\/li>\n<li>Vorf\u00fchrung und Mitmachaktion \u2013 Fungility und Longieren<\/li>\n<\/ul>\n<\/li>\n<li>Fem Fitness-Park\n<ul>\n<li>Tanzshow<\/li>\n<li>Bodywork<\/li>\n<li>Zumba<\/li>\n<\/ul>\n<\/li>\n<li>Fem Programm \u201eN\u00fcrnberg backt!\u201c\n<ul>\n<li>Fashion Talk im fem-Wohnzimmer<\/li>\n<li>Kochtalk \u201eStarke Frauen\u201c in der Ern\u00e4hrungs-Lounge<\/li>\n<li>Autogramm-Stunde mit Enie van de Maiklokjes<\/li>\n<\/ul>\n<\/li>\n<li>Fem Programm \u201eZukunft und Karriere\u201c\n<ul>\n<li>Knigge-Training<\/li>\n<li>Car-Sharing im fem Wohnzimmer (Car-Sharing Konzept f\u00fcr N\u00fcrnberg)<\/li>\n<\/ul>\n<\/li>\n<\/ul>\n<p>Bei dieser Auflistung handelt es sich tats\u00e4chlich nur um einen kleinen Teil der Vielfalt auf der Verbrauchermesse Consumenta. Wer den <a href=\"http:\/\/afagweb2.afag.de\/web\/home\/index\/14023\">Themenplan<\/a> einsehen m\u00f6chte, kann dem vorangestellten Link folgen.<\/p>\n<h2>Prominenz, Preise und die Mitfahrzentrale!<\/h2>\n<p>Die Verbrauchermesse ist nicht umsonst. Aber als Erlebnis f\u00fcr den schmalen Geldbeutel kann der Besuch, bei einem Preis von 1,50 je Ticket, bezeichnet werden. Daf\u00fcr lassen sich viele Neuheiten und Trends entdecken. Diese werden teilweise von prominenten Pers\u00f6nlichkeiten vorgestellt. Diese k\u00f6nnen auf der <a href=\"http:\/\/www.consumenta.de\/themenwelten\/promis.html\">Consumenta Homepage<\/a> eingesehen werden. Wir von der <strong>Mitfahrzentrale MiFaZ<\/strong> sind nat\u00fcrlich auch vertreten. Die Messebesucher finden uns am Gemeinschaftsstand von Original Regional und haben dort die M\u00f6glichkeit sich \u00fcber die MiFaZ in der Metropolregion N\u00fcrnberg zu informieren. Wer sich vor Ort f\u00fcr die neue MiFaZ-App registriert, der kann einen der t\u00e4glichen regionalen Geschenkk\u00f6rbe gewinnen.<\/p>\n<ul>\n<li><a href=\"http:\/\/metropolregion-nuernberg.mifaz.de\/\">MiFaZ Metropolregion N\u00fcrnberg mit Links zur App<\/a><\/li>\n<\/ul>\n","protected":false},"excerpt":{"rendered":"<p>Auch in diesem Jahr findet in N\u00fcrnberg die Consumenta statt. Es handelt sich hierbei um eine Messe, welche sich mit den Themen Wellness, Events, Wohnen und Bauen, sowie Lifestyle besch\u00e4ftigt. Aus der Industrie, dem Handel und Handwerk, sowie dem Dienstleistungsgewerbe kommen ungef\u00e4hr 1.000 Aussteller und pr\u00e4sentieren Angebote, Produkte und neue Trends. Auch die MiFaZ ist mit einem Stand auf der Consumenta in N\u00fcrnberg vertreten! Was wird auf der Consumenta geboten? In unterschiedlichen Hallen werden diverse [&hellip;]<\/p>\n","protected":false},"author":1,"featured_media":0,"comment_status":"open","ping_status":"open","sticky":false,"template":"","format":"standard","meta":{"footnotes":""},"categories":[6],"tags":[25,50],"post_folder":[],"class_list":["post-1745","post","type-post","status-publish","format-standard","hentry","category-neuigkeiten-und-infos-ueber-mifaz","tag-fahrgemeinschaft","tag-verkehr"],"_links":{"self":[{"href":"https:\/\/www.die-mitfahrzentrale.de\/en\/wp-json\/wp\/v2\/posts\/1745","targetHints":{"allow":["GET"]}}],"collection":[{"href":"https:\/\/www.die-mitfahrzentrale.de\/en\/wp-json\/wp\/v2\/posts"}],"about":[{"href":"https:\/\/www.die-mitfahrzentrale.de\/en\/wp-json\/wp\/v2\/types\/post"}],"author":[{"embeddable":true,"href":"https:\/\/www.die-mitfahrzentrale.de\/en\/wp-json\/wp\/v2\/users\/1"}],"replies":[{"embeddable":true,"href":"https:\/\/www.die-mitfahrzentrale.de\/en\/wp-json\/wp\/v2\/comments?post=1745"}],"version-history":[{"count":1,"href":"https:\/\/www.die-mitfahrzentrale.de\/en\/wp-json\/wp\/v2\/posts\/1745\/revisions"}],"predecessor-version":[{"id":3248,"href":"https:\/\/www.die-mitfahrzentrale.de\/en\/wp-json\/wp\/v2\/posts\/1745\/revisions\/3248"}],"wp:attachment":[{"href":"https:\/\/www.die-mitfahrzentrale.de\/en\/wp-json\/wp\/v2\/media?parent=1745"}],"wp:term":[{"taxonomy":"category","embeddable":true,"href":"https:\/\/www.die-mitfahrzentrale.de\/en\/wp-json\/wp\/v2\/categories?post=1745"},{"taxonomy":"post_tag","embeddable":true,"href":"https:\/\/www.die-mitfahrzentrale.de\/en\/wp-json\/wp\/v2\/tags?post=1745"},{"taxonomy":"post_folder","embeddable":true,"href":"https:\/\/www.die-mitfahrzentrale.de\/en\/wp-json\/wp\/v2\/post_folder?post=1745"}],"curies":[{"name":"wp","href":"https:\/\/api.w.org\/{rel}","templated":true}]}}