{"id":1743,"date":"2014-10-19T10:37:39","date_gmt":"2014-10-19T08:37:39","guid":{"rendered":"http:\/\/www.die-mitfahrzentrale.de\/?p=1743"},"modified":"2023-08-23T13:48:37","modified_gmt":"2023-08-23T13:48:37","slug":"das-e-lastenrad-fuer-den-staedtischen-einkauf","status":"publish","type":"post","link":"https:\/\/www.die-mitfahrzentrale.de\/en\/das-e-lastenrad-fuer-den-staedtischen-einkauf\/","title":{"rendered":"Das E-Lastenrad f\u00fcr den st\u00e4dtischen Einkauf!"},"content":{"rendered":"<p>E-Bikes sind weiterhin beliebt und weiten ihr Gesch\u00e4ftsfeld sogar aus. Lastenr\u00e4der sind bekannt. Sie sind in der Innenstadt besonders geeignet, um Lasten zu transportieren. Wo Autos h\u00e4ufig im Stau stehen und nur schleppend vorw\u00e4rts kommen, d\u00fcst das Lastenrad nur so durch die Stra\u00dfen. F\u00fcr gew\u00f6hnlich wird es ausschlie\u00dflich von K\u00f6rperkraft angetrieben. Mit dem E-Lastenrad \u00e4ndert sich dieses Konzept.<\/p>\n<h2>Das E-Lastenrad als Ersatz f\u00fcr den Zweitwagen?<\/h2>\n<p>Wird der Zweitwagen fast ausschlie\u00dflich zum Einkaufen benutzt? In diesem Fall ist eine teure Anschaffung vielleicht gar nicht notwendig. Ein Lastenrad mit elektronischer Unterst\u00fctzung, das E-Lastenrad, kann diese Aufgabe ebenso erf\u00fcllen. Mit der St\u00e4rke der Motoren ist es m\u00f6glich die Kapazit\u00e4t eines Einkaufswagens zu transportieren. Aber nicht nur f\u00fcr die t\u00e4glichen Eink\u00e4ufe kann das Bike genutzt werden. Es ist wandelbar und erf\u00fcllt auch andere Bed\u00fcrfnisse.<\/p>\n<ul>\n<li>Der Innenraum kann als Kindertransporter genutzt werden.<\/li>\n<li>Schwere Getr\u00e4nkekisten k\u00f6nnen transportiert werden.<\/li>\n<li>Die Boxen sind abschlie\u00dfbar und bieten Schutz vor Regen und Langfingern.<\/li>\n<li>Neben dem Sattel k\u00f6nnen Seitentaschen f\u00fcr Eink\u00e4ufe befestigt werden.<\/li>\n<\/ul>\n<p>Besonders die geringe Breite ist ein gro\u00dfer Vorteil des E-Lastenrades. Es ist kaum breiter als ein Fahrrad und ist damit unabh\u00e4ngig vom Verkehr auf der Stra\u00dfe immer schnell unterwegs. Und auch die Parkplatzsuche wird mit dem E-Lastenbike vereinfacht. Es gibt jedoch auch zwei entscheidende Nachteile.<\/p>\n<ul>\n<li>Das E-Lastenbike ist zu schwer, um es regelm\u00e4\u00dfig in den Fahrradkeller zu tragen.<\/li>\n<li>Das Produkt ist teurer als ein gew\u00f6hnliches E-Bike.<\/li>\n<\/ul>\n<h2>Wann sich das E-Lastenrad als Anschaffung eignet!<\/h2>\n<p>Das E-Lastenrad ist ein ungen\u00fcgender Ersatz f\u00fcr das E-Bike. Lediglich f\u00fcr den Kindertransport ist es nat\u00fcrlich sehr gut geeignet. Aber nach viel praktischer ist das E-Lastenrad als Ersatz f\u00fcr den Zweitwagen. Als Nachteil im vorangegangenen Abschnitt wurde der h\u00f6here Preis im Vergleich zum E-Bike aufgef\u00fchrt. Es ist daf\u00fcr deutlich g\u00fcnstiger als ein Auto, muss nicht mit fossilen Brennstoffen betankt werden, es sind keine Inspektionen n\u00f6tig und schont zudem noch die Umwelt.<\/p>\n","protected":false},"excerpt":{"rendered":"<p>E-Bikes sind weiterhin beliebt und weiten ihr Gesch\u00e4ftsfeld sogar aus. Lastenr\u00e4der sind bekannt. Sie sind in der Innenstadt besonders geeignet, um Lasten zu transportieren. Wo Autos h\u00e4ufig im Stau stehen und nur schleppend vorw\u00e4rts kommen, d\u00fcst das Lastenrad nur so durch die Stra\u00dfen. F\u00fcr gew\u00f6hnlich wird es ausschlie\u00dflich von K\u00f6rperkraft angetrieben. Mit dem E-Lastenrad \u00e4ndert sich dieses Konzept. Das E-Lastenrad als Ersatz f\u00fcr den Zweitwagen? Wird der Zweitwagen fast ausschlie\u00dflich zum Einkaufen benutzt? In diesem [&hellip;]<\/p>\n","protected":false},"author":1,"featured_media":0,"comment_status":"open","ping_status":"open","sticky":false,"template":"","format":"standard","meta":{"footnotes":""},"categories":[10,11],"tags":[26,46,50],"post_folder":[],"class_list":["post-1743","post","type-post","status-publish","format-standard","hentry","category-umweltschutz-und-nachhaltigkeit","category-verkehr-und-mobilitaet","tag-fahrrad","tag-umwelt","tag-verkehr"],"_links":{"self":[{"href":"https:\/\/www.die-mitfahrzentrale.de\/en\/wp-json\/wp\/v2\/posts\/1743","targetHints":{"allow":["GET"]}}],"collection":[{"href":"https:\/\/www.die-mitfahrzentrale.de\/en\/wp-json\/wp\/v2\/posts"}],"about":[{"href":"https:\/\/www.die-mitfahrzentrale.de\/en\/wp-json\/wp\/v2\/types\/post"}],"author":[{"embeddable":true,"href":"https:\/\/www.die-mitfahrzentrale.de\/en\/wp-json\/wp\/v2\/users\/1"}],"replies":[{"embeddable":true,"href":"https:\/\/www.die-mitfahrzentrale.de\/en\/wp-json\/wp\/v2\/comments?post=1743"}],"version-history":[{"count":1,"href":"https:\/\/www.die-mitfahrzentrale.de\/en\/wp-json\/wp\/v2\/posts\/1743\/revisions"}],"predecessor-version":[{"id":3249,"href":"https:\/\/www.die-mitfahrzentrale.de\/en\/wp-json\/wp\/v2\/posts\/1743\/revisions\/3249"}],"wp:attachment":[{"href":"https:\/\/www.die-mitfahrzentrale.de\/en\/wp-json\/wp\/v2\/media?parent=1743"}],"wp:term":[{"taxonomy":"category","embeddable":true,"href":"https:\/\/www.die-mitfahrzentrale.de\/en\/wp-json\/wp\/v2\/categories?post=1743"},{"taxonomy":"post_tag","embeddable":true,"href":"https:\/\/www.die-mitfahrzentrale.de\/en\/wp-json\/wp\/v2\/tags?post=1743"},{"taxonomy":"post_folder","embeddable":true,"href":"https:\/\/www.die-mitfahrzentrale.de\/en\/wp-json\/wp\/v2\/post_folder?post=1743"}],"curies":[{"name":"wp","href":"https:\/\/api.w.org\/{rel}","templated":true}]}}