{"id":1733,"date":"2014-09-26T16:25:18","date_gmt":"2014-09-26T14:25:18","guid":{"rendered":"http:\/\/www.die-mitfahrzentrale.de\/?p=1733"},"modified":"2023-08-23T13:48:37","modified_gmt":"2023-08-23T13:48:37","slug":"muelltrennen-aber-welcher-gegenstand-kommt-in-welche-tonne","status":"publish","type":"post","link":"https:\/\/www.die-mitfahrzentrale.de\/en\/muelltrennen-aber-welcher-gegenstand-kommt-in-welche-tonne\/","title":{"rendered":"M\u00fclltrennen \u2013 Aber welcher Gegenstand kommt in welche Tonne?"},"content":{"rendered":"<p>Vielfach wird behauptet, \u201eM\u00fclltrennen lohnt sich gar nicht, die kippen doch eh Alles wieder zusammen!\u201c Solche Aussagen sind vollkommen unsinnig und nicht fundiert. Wenn jeder Haushalt sich aktiv und umfassend an der M\u00fclltrennung beteiligt, wird die Umwelt bereits enorm entlastet. H\u00e4ufig ist es jedoch nicht der Wille woran es fehlt, sondern einfach Unwissen. Bestimmte Arten von M\u00fcll bringen den flei\u00dfigen Heimsortierer zur Verzweiflung. Dies wirft die Frage auf, welcher Gegenstand geh\u00f6rt in welche Tonne?<\/p>\n<h2>Sortieren f\u00fcr Fortgeschrittene &#8211; M\u00fclltrennen im Zweifelsfall!<\/h2>\n<p>Im Zweifel f\u00fcr den Angeklagten! Halt, dass passt hier nicht, denn dann m\u00fcsste der M\u00fcll frei bleiben. Vielmehr ist es wichtig zu wissen, wohin der M\u00fcll geh\u00f6rt. Bio-Abfall in die Bio-Tonne, Restm\u00fcll in die M\u00fclltonne und in den Gelben Sack kommen Verkaufsverpackungen mit dem \u201eGr\u00fcnen Punkt\u201c. Dies betrifft Verpackungen aus Kunststoff, Metall, Styropor, Aluminium und Verbundmaterialien. Aber es gibt auch M\u00fcll, da wird gezweifelt:<\/p>\n<ul>\n<li><strong>CD-Rom<\/strong> &#8211; Hierbei handelt es sich um eine Aluminium-Kunststoff-Verbindung und demzufolge geh\u00f6rt die CD-Rom in den Gelben Sack oder sogar in eine gesonderte CD-Verwertung.<\/li>\n<li><strong>Energiesparlampe<\/strong> \u2013 Neben Kunstoffen und Glas, ist hier auch das Metall Quecksilber enthalten. Die Energiesparlampe geh\u00f6rt somit zur Schadstoffannahme der Kommune und in keines der \u00fcblichen Beh\u00e4ltnisse.<\/li>\n<li><strong>Gl\u00fchbirnen<\/strong> &#8211; Wer nicht in vier unterschiedliche Metalle und Bauschutt auftrennen m\u00f6chte, der schmei\u00dft die Birne in den Restm\u00fcll.<\/li>\n<li><strong>Flaschendeckel<\/strong> \u2013 W\u00e4hrend die Glasflaschen in den Altglascontainer geh\u00f6ren, werden die Deckel in den Gelben Sack geworfen.<\/li>\n<li><strong>K\u00e4se<\/strong> \u2013 Als organisches Lebensmittel geh\u00f6rt der K\u00e4se in die Bio-Tonne.<\/li>\n<li><strong>PET-Flasche<\/strong> \u2013 Wer sich ein Pfandgut sichern kann, wird dies sicherlich einl\u00f6sen. Und wenn nicht, geh\u00f6rt die PET-Flasche in den Gelben Sack.<\/li>\n<li><strong>Teebeutel<\/strong> \u2013 Die Teebeutel werden als Lebensmittel einsortiert und geh\u00f6ren in die Bio-Tonne. Falls eine Metallklammer daran befestigt ist, sollte diese zuvor abgenommen werden.<\/li>\n<\/ul>\n<p>Im Zweifel kann jede Art von Abfall \u00fcber das Internet sehr schnell seinem Bestimmungsort zugeordnet werden.<\/p>\n","protected":false},"excerpt":{"rendered":"<p>Vielfach wird behauptet, \u201eM\u00fclltrennen lohnt sich gar nicht, die kippen doch eh Alles wieder zusammen!\u201c Solche Aussagen sind vollkommen unsinnig und nicht fundiert. Wenn jeder Haushalt sich aktiv und umfassend an der M\u00fclltrennung beteiligt, wird die Umwelt bereits enorm entlastet. H\u00e4ufig ist es jedoch nicht der Wille woran es fehlt, sondern einfach Unwissen. Bestimmte Arten von M\u00fcll bringen den flei\u00dfigen Heimsortierer zur Verzweiflung. Dies wirft die Frage auf, welcher Gegenstand geh\u00f6rt in welche Tonne? Sortieren [&hellip;]<\/p>\n","protected":false},"author":1,"featured_media":0,"comment_status":"open","ping_status":"open","sticky":false,"template":"","format":"standard","meta":{"footnotes":""},"categories":[10],"tags":[46],"post_folder":[],"class_list":["post-1733","post","type-post","status-publish","format-standard","hentry","category-umweltschutz-und-nachhaltigkeit","tag-umwelt"],"_links":{"self":[{"href":"https:\/\/www.die-mitfahrzentrale.de\/en\/wp-json\/wp\/v2\/posts\/1733","targetHints":{"allow":["GET"]}}],"collection":[{"href":"https:\/\/www.die-mitfahrzentrale.de\/en\/wp-json\/wp\/v2\/posts"}],"about":[{"href":"https:\/\/www.die-mitfahrzentrale.de\/en\/wp-json\/wp\/v2\/types\/post"}],"author":[{"embeddable":true,"href":"https:\/\/www.die-mitfahrzentrale.de\/en\/wp-json\/wp\/v2\/users\/1"}],"replies":[{"embeddable":true,"href":"https:\/\/www.die-mitfahrzentrale.de\/en\/wp-json\/wp\/v2\/comments?post=1733"}],"version-history":[{"count":1,"href":"https:\/\/www.die-mitfahrzentrale.de\/en\/wp-json\/wp\/v2\/posts\/1733\/revisions"}],"predecessor-version":[{"id":3252,"href":"https:\/\/www.die-mitfahrzentrale.de\/en\/wp-json\/wp\/v2\/posts\/1733\/revisions\/3252"}],"wp:attachment":[{"href":"https:\/\/www.die-mitfahrzentrale.de\/en\/wp-json\/wp\/v2\/media?parent=1733"}],"wp:term":[{"taxonomy":"category","embeddable":true,"href":"https:\/\/www.die-mitfahrzentrale.de\/en\/wp-json\/wp\/v2\/categories?post=1733"},{"taxonomy":"post_tag","embeddable":true,"href":"https:\/\/www.die-mitfahrzentrale.de\/en\/wp-json\/wp\/v2\/tags?post=1733"},{"taxonomy":"post_folder","embeddable":true,"href":"https:\/\/www.die-mitfahrzentrale.de\/en\/wp-json\/wp\/v2\/post_folder?post=1733"}],"curies":[{"name":"wp","href":"https:\/\/api.w.org\/{rel}","templated":true}]}}