{"id":1729,"date":"2014-09-20T09:07:29","date_gmt":"2014-09-20T07:07:29","guid":{"rendered":"http:\/\/www.die-mitfahrzentrale.de\/?p=1729"},"modified":"2023-08-23T13:48:37","modified_gmt":"2023-08-23T13:48:37","slug":"umwelt-und-gesundheitsschutz-beim-moebelkauf","status":"publish","type":"post","link":"https:\/\/www.die-mitfahrzentrale.de\/en\/umwelt-und-gesundheitsschutz-beim-moebelkauf\/","title":{"rendered":"Umwelt- und Gesundheitsschutz beim M\u00f6belkauf"},"content":{"rendered":"<p>Nachdem das Haus oder die Wohnung erworben wurde, muss die Immobilien noch eingerichtet werden. Der umweltbewusste K\u00e4ufer denkt vielleicht \u00fcber \u201e\u00d6kobm\u00f6bel\u201c nach. Einrichtungsgegenst\u00e4nde, die umweltfreundlich produziert wurden und m\u00f6glichst in der N\u00e4he hergestellt worden sind, k\u00e4men in Frage. Allerdings gibt es beim M\u00f6belkauf Probleme auf Umweltfaktoren zu achten.<\/p>\n<h2>Warum \u00d6kom\u00f6bel im Einkauf nur schwer erkannt werden k\u00f6nnen<\/h2>\n<p>Ein \u00f6kologischer Einkauf im Einrichtungsbereich ist kaum m\u00f6glich. Die Rohstoffe werden verarbeitet und als Ausstellungsst\u00fccke an die M\u00f6belh\u00e4user geliefert. Wer hat die Materialien beschafft? Wo wurden diese, auf welche Art und Weise, abgebaut? Von wo wurden sie, womit, transportiert? Wer hat die Weiterverarbeitung \u00fcbernommen? Viele Fragen, die beim M\u00f6belkauf meist unm\u00f6glich zu hinterfragen sind.<\/p>\n<p>Diverse M\u00f6bel oder M\u00f6belh\u00e4user schm\u00fccken sich vielleicht mit \u00d6kosiegeln. Hier ist ebenfalls Vorsicht geboten. Nicht jedes Siegel beweist ein umweltfreundliches Produktionsverfahren. Sind die Siegel nicht genormt und an Kriterien gekn\u00fcpft, so k\u00f6nnen diese praktisch \u00fcberall aufgedruckt werden.<\/p>\n<h2>Wie dennoch beim M\u00f6belkauf auf die Umwelt geachtet werden kann<\/h2>\n<p>Wer M\u00f6bel aus nachwachsenden Rohstoffen erwirbt, der f\u00fcgt der Umwelt keinen nachhaltigen Schaden bei. Holz steht daher hoch im Kurs. Hier sollte hinterfragt werden, woher das Holz stammt. Auf diese Weise kann ausgeschlossen werden, ob das Material als Raubbau geschlagen wurde. Handelt es sich um Tropenholz, sollten die Finger davon gelassen werden. Eine Ausnahme stellen M\u00f6bel mit dem \u201eFSC-Zertifikat\u201c dar. Massivholz kann verwendet werden.<\/p>\n<p>Weiterhin sollten die M\u00f6bel ohne Formaldehyd gebunden sein. Weitere Schadstoffe, wie Fungizide oder Pestizide sind f\u00fcr eine gesundes Wohnen auszuschlie\u00dfen. Qualit\u00e4t ist ebenfalls wichtig f\u00fcr die Umwelt. Denn je l\u00e4nger ein M\u00f6belst\u00fcck h\u00e4lt, desto weniger h\u00e4ufig m\u00fcssen neue Gegenst\u00e4nde angeschafft werden.<\/p>\n<p>Deshalb sollte bei Kinderm\u00f6beln direkt darauf geachtet werden, dass diese vielleicht noch weiterverarbeitet werden k\u00f6nnen. Denn der Nachwuchs wird gr\u00f6\u00dfer und daher nicht auf Dauer zu verwenden sein. Sind mehrere Kinder geplant, k\u00f6nnen M\u00f6bel mit neutralen Farben vielleicht mehrfach verwendet werden.<\/p>\n","protected":false},"excerpt":{"rendered":"<p>Nachdem das Haus oder die Wohnung erworben wurde, muss die Immobilien noch eingerichtet werden. Der umweltbewusste K\u00e4ufer denkt vielleicht \u00fcber \u201e\u00d6kobm\u00f6bel\u201c nach. Einrichtungsgegenst\u00e4nde, die umweltfreundlich produziert wurden und m\u00f6glichst in der N\u00e4he hergestellt worden sind, k\u00e4men in Frage. Allerdings gibt es beim M\u00f6belkauf Probleme auf Umweltfaktoren zu achten. Warum \u00d6kom\u00f6bel im Einkauf nur schwer erkannt werden k\u00f6nnen Ein \u00f6kologischer Einkauf im Einrichtungsbereich ist kaum m\u00f6glich. Die Rohstoffe werden verarbeitet und als Ausstellungsst\u00fccke an die M\u00f6belh\u00e4user [&hellip;]<\/p>\n","protected":false},"author":1,"featured_media":0,"comment_status":"open","ping_status":"open","sticky":false,"template":"","format":"standard","meta":{"footnotes":""},"categories":[10],"tags":[46],"post_folder":[],"class_list":["post-1729","post","type-post","status-publish","format-standard","hentry","category-umweltschutz-und-nachhaltigkeit","tag-umwelt"],"_links":{"self":[{"href":"https:\/\/www.die-mitfahrzentrale.de\/en\/wp-json\/wp\/v2\/posts\/1729","targetHints":{"allow":["GET"]}}],"collection":[{"href":"https:\/\/www.die-mitfahrzentrale.de\/en\/wp-json\/wp\/v2\/posts"}],"about":[{"href":"https:\/\/www.die-mitfahrzentrale.de\/en\/wp-json\/wp\/v2\/types\/post"}],"author":[{"embeddable":true,"href":"https:\/\/www.die-mitfahrzentrale.de\/en\/wp-json\/wp\/v2\/users\/1"}],"replies":[{"embeddable":true,"href":"https:\/\/www.die-mitfahrzentrale.de\/en\/wp-json\/wp\/v2\/comments?post=1729"}],"version-history":[{"count":1,"href":"https:\/\/www.die-mitfahrzentrale.de\/en\/wp-json\/wp\/v2\/posts\/1729\/revisions"}],"predecessor-version":[{"id":3253,"href":"https:\/\/www.die-mitfahrzentrale.de\/en\/wp-json\/wp\/v2\/posts\/1729\/revisions\/3253"}],"wp:attachment":[{"href":"https:\/\/www.die-mitfahrzentrale.de\/en\/wp-json\/wp\/v2\/media?parent=1729"}],"wp:term":[{"taxonomy":"category","embeddable":true,"href":"https:\/\/www.die-mitfahrzentrale.de\/en\/wp-json\/wp\/v2\/categories?post=1729"},{"taxonomy":"post_tag","embeddable":true,"href":"https:\/\/www.die-mitfahrzentrale.de\/en\/wp-json\/wp\/v2\/tags?post=1729"},{"taxonomy":"post_folder","embeddable":true,"href":"https:\/\/www.die-mitfahrzentrale.de\/en\/wp-json\/wp\/v2\/post_folder?post=1729"}],"curies":[{"name":"wp","href":"https:\/\/api.w.org\/{rel}","templated":true}]}}