{"id":1727,"date":"2014-09-19T09:07:22","date_gmt":"2014-09-19T07:07:22","guid":{"rendered":"http:\/\/www.die-mitfahrzentrale.de\/?p=1727"},"modified":"2023-08-23T13:48:37","modified_gmt":"2023-08-23T13:48:37","slug":"6-tipps-fuer-eine-erfolgreiche-fahrgemeinschaft","status":"publish","type":"post","link":"https:\/\/www.die-mitfahrzentrale.de\/en\/6-tipps-fuer-eine-erfolgreiche-fahrgemeinschaft\/","title":{"rendered":"6 Tipps f\u00fcr eine erfolgreiche Fahrgemeinschaft!"},"content":{"rendered":"<p>Fahren Sie immer noch alleine zur Arbeit? Dies bedeutet mindestens drei ungenutzte Pl\u00e4tze im Auto sind verf\u00fcgbar. Diese aufzuf\u00fcllen spart viel Geld und reduziert den Stress. Es ist nicht sonderlich schwierig herauszufinden, ob weitere Mitarbeiter die gleiche Strecke oder zumindest einen Teil davon zur\u00fccklegen m\u00fcssen. Auf dieser Grundlage l\u00e4sst sich eine Fahrgemeinschaft gr\u00fcnden.<\/p>\n<h2>Was beim Aufbau einer Fahrgemeinschaft bedacht werden muss!<\/h2>\n<p>Eine Fahrgemeinschaft ist oftmals mehr als nur eine Ansammlung von Personen mit dem gleichen Ziel. H\u00e4ufig handelt es sich um Freunde oder Bekannte. Und wenn dies noch nicht der Fall ist, so kann das Autoteilen eine gute Gelegenheit darstellen, neue Freundschaften aufzubauen. Daf\u00fcr muss aber ordentlich geplant werden.<\/p>\n<ol>\n<li><strong>Gep\u00e4ck<\/strong> \u2013 Egal ob es zur Arbeit oder in den Urlaub geht, wer sich ein Auto teilt, der muss nicht nur f\u00fcr die Personen planen. Gegenst\u00e4nde und Gep\u00e4ckst\u00fccke m\u00fcssen ebenfalls Platz finden.<\/li>\n<li><strong>Geld<\/strong> \u2013 Es muss eine Regelung f\u00fcrs Fahren gefunden werden. Entweder die Mitglieder der Fahrgemeinschaft wechseln sich beim Transport ab oder die \u00fcbrigen Mitglieder zahlen dem Fahrer monatlich einen Obolus. Wichtig ist, dass dies vorab gekl\u00e4rt wird.<\/li>\n<li><strong>Zeit<\/strong> \u2013 Auf der Arbeit gibt es klare Regeln. Eine davon ist die Arbeitszeit. Es darf also nicht passieren, dass durch die Unzuverl\u00e4ssigkeit einer Person, alle zu sp\u00e4t kommen.<\/li>\n<li><strong>Arbeitszeit<\/strong> \u2013 Nicht nur das gleiche Ziel, auch die gleiche Arbeitszeit muss f\u00fcr eine Fahrgemeinschaft erf\u00fcllt sein. Denn wer zusammen hinf\u00e4hrt, der muss auch zusammen zur\u00fcckkommen.<\/li>\n<li><strong>Sauberkeit<\/strong> \u2013 W\u00e4hrend der Fahrt zu essen ist f\u00fcr Alle, mit Ausnahme des Fahrers, kein Problem. Aber dabei sollte auf Sauberkeit geachtet werden, gerade wenn der Wagen nicht einem selber geh\u00f6rt.<\/li>\n<li><strong>Motivation<\/strong> \u2013 F\u00fcr die Fahrgemeinschaft kann es unterschiedliche Gr\u00fcnde geben. Das Entlasten der Umwelt, die Ersparnis in Form von Bargeld oder die nette Gesellschaft sind nur einige Beispiele. F\u00fcr eine langanhaltende Mitfahrgelegenheit sollten alle Teilnehmer \u00fcber die notwendige Motivation verf\u00fcgen.<\/li>\n<\/ol>\n","protected":false},"excerpt":{"rendered":"<p>Fahren Sie immer noch alleine zur Arbeit? Dies bedeutet mindestens drei ungenutzte Pl\u00e4tze im Auto sind verf\u00fcgbar. Diese aufzuf\u00fcllen spart viel Geld und reduziert den Stress. Es ist nicht sonderlich schwierig herauszufinden, ob weitere Mitarbeiter die gleiche Strecke oder zumindest einen Teil davon zur\u00fccklegen m\u00fcssen. Auf dieser Grundlage l\u00e4sst sich eine Fahrgemeinschaft gr\u00fcnden. Was beim Aufbau einer Fahrgemeinschaft bedacht werden muss! Eine Fahrgemeinschaft ist oftmals mehr als nur eine Ansammlung von Personen mit dem gleichen [&hellip;]<\/p>\n","protected":false},"author":1,"featured_media":0,"comment_status":"open","ping_status":"open","sticky":false,"template":"","format":"standard","meta":{"footnotes":""},"categories":[3],"tags":[25],"post_folder":[],"class_list":["post-1727","post","type-post","status-publish","format-standard","hentry","category-fahrgemeinschaften-geschichten-und-tipps","tag-fahrgemeinschaft"],"_links":{"self":[{"href":"https:\/\/www.die-mitfahrzentrale.de\/en\/wp-json\/wp\/v2\/posts\/1727","targetHints":{"allow":["GET"]}}],"collection":[{"href":"https:\/\/www.die-mitfahrzentrale.de\/en\/wp-json\/wp\/v2\/posts"}],"about":[{"href":"https:\/\/www.die-mitfahrzentrale.de\/en\/wp-json\/wp\/v2\/types\/post"}],"author":[{"embeddable":true,"href":"https:\/\/www.die-mitfahrzentrale.de\/en\/wp-json\/wp\/v2\/users\/1"}],"replies":[{"embeddable":true,"href":"https:\/\/www.die-mitfahrzentrale.de\/en\/wp-json\/wp\/v2\/comments?post=1727"}],"version-history":[{"count":1,"href":"https:\/\/www.die-mitfahrzentrale.de\/en\/wp-json\/wp\/v2\/posts\/1727\/revisions"}],"predecessor-version":[{"id":3254,"href":"https:\/\/www.die-mitfahrzentrale.de\/en\/wp-json\/wp\/v2\/posts\/1727\/revisions\/3254"}],"wp:attachment":[{"href":"https:\/\/www.die-mitfahrzentrale.de\/en\/wp-json\/wp\/v2\/media?parent=1727"}],"wp:term":[{"taxonomy":"category","embeddable":true,"href":"https:\/\/www.die-mitfahrzentrale.de\/en\/wp-json\/wp\/v2\/categories?post=1727"},{"taxonomy":"post_tag","embeddable":true,"href":"https:\/\/www.die-mitfahrzentrale.de\/en\/wp-json\/wp\/v2\/tags?post=1727"},{"taxonomy":"post_folder","embeddable":true,"href":"https:\/\/www.die-mitfahrzentrale.de\/en\/wp-json\/wp\/v2\/post_folder?post=1727"}],"curies":[{"name":"wp","href":"https:\/\/api.w.org\/{rel}","templated":true}]}}