{"id":1711,"date":"2014-08-15T07:28:29","date_gmt":"2014-08-15T05:28:29","guid":{"rendered":"http:\/\/www.die-mitfahrzentrale.de\/?p=1711"},"modified":"2023-08-23T13:48:38","modified_gmt":"2023-08-23T13:48:38","slug":"stromverbrauch-fuer-computer-geraete-wird-von-der-eu-gesenkt","status":"publish","type":"post","link":"https:\/\/www.die-mitfahrzentrale.de\/en\/stromverbrauch-fuer-computer-geraete-wird-von-der-eu-gesenkt\/","title":{"rendered":"Stromverbrauch f\u00fcr Computer-Ger\u00e4te wird von der EU gesenkt"},"content":{"rendered":"<p>Gibt es \u00fcberhaupt noch einen Haushalt ohne PC? Wahrscheinlich sogar einige, aber dies wird durch andere Personen ausgeglichen, die neben ihrem Desktop-Computer noch ein Tablet besitzen. Pro Jahr werden europaweit mehr als 70 Millionen PCs ver\u00e4u\u00dfert. Allein diese gewaltige Zahl macht deutlich, dass ein gro\u00dfes Potential bei der Einsparung von Energie vorhanden ist.<\/p>\n<h2>EU gibt Richtlinien f\u00fcr Computer vor!<\/h2>\n<p>Da es ein gro\u00dfes Interesse an der Einsparung von Strom gibt, die Computer aber nicht mehr aus dem Alltag wegzudenken sind, musste die EU den Stromverbrauch anderweitig senken. Es wurde bei den PCs direkt angesetzt. Betroffen sind die Desktop-PCs, die Tablets, aber auch Notebooks, Server und Workstations. Neu verkaufte Computer m\u00fcssen sich an die Richtlinie der EU vom 01. Juli 2014 halten, damit sie \u00fcberhaupt verkauft werden d\u00fcrfen.<\/p>\n<h2>Wie gro\u00df ist das tats\u00e4chliche Einsparpotential?<\/h2>\n<p>Diese Frage muss gestellt werden. Denn die Verbraucher in Deutschland sind gegen\u00fcber Neuerungen aus der EU skeptisch. Tats\u00e4chlich ist es m\u00f6glich im Jahr 12,5 Terawattstunden an Energie einzusparen. Dies entspricht der Umweltbelastung von 16 mittelgro\u00dfen Kohlekraftwerken, die pl\u00f6tzlich abgeschaltet w\u00fcrden.<\/p>\n<h2>Vorteile der EU, Vorteile f\u00fcr den Verbraucher!<\/h2>\n<p>Die EU sollte im Sinne der Einwohner Europas handeln. Auf die Umweltverschmutzung zu achten, ist gewisserma\u00dfen die Pflicht eines jeden B\u00fcrgers. Wenn hier jedoch keine Vorgaben von einer h\u00f6heren Instanz getroffen w\u00fcrden, w\u00e4ren die Bem\u00fchungen Vieler nicht ausreichend. Tats\u00e4chlich kommt die neue Richtlinie den Verbrauchern selber zugute. Denn durch die neuen Computer wird Strom eingespart. Dies macht sich, je nach Laufzeit der PCs zuhause, auch im eigenen Haushalt bemerkbar.<\/p>\n<h2>Neuanschaffung \u2013 ja oder nein?<\/h2>\n<p>Die bisherige Erl\u00e4uterung scheint nahezulegen, sich einen neuen Computer anzuschaffen, der die Umwelt weniger belastet und den Stromverbrauch senkt. Tats\u00e4chlich w\u00e4re dies keine gute Idee. Der PC sollte genutzt werden, bis er seine Lebenszeit \u00fcberschritten hat. Die Herstellung der Ger\u00e4te kostet schlie\u00dflich auch Energie und belastet die Umwelt.<\/p>\n","protected":false},"excerpt":{"rendered":"<p>Gibt es \u00fcberhaupt noch einen Haushalt ohne PC? Wahrscheinlich sogar einige, aber dies wird durch andere Personen ausgeglichen, die neben ihrem Desktop-Computer noch ein Tablet besitzen. Pro Jahr werden europaweit mehr als 70 Millionen PCs ver\u00e4u\u00dfert. Allein diese gewaltige Zahl macht deutlich, dass ein gro\u00dfes Potential bei der Einsparung von Energie vorhanden ist. EU gibt Richtlinien f\u00fcr Computer vor! Da es ein gro\u00dfes Interesse an der Einsparung von Strom gibt, die Computer aber nicht mehr [&hellip;]<\/p>\n","protected":false},"author":1,"featured_media":0,"comment_status":"open","ping_status":"open","sticky":false,"template":"","format":"standard","meta":{"footnotes":""},"categories":[10],"tags":[46],"post_folder":[],"class_list":["post-1711","post","type-post","status-publish","format-standard","hentry","category-umweltschutz-und-nachhaltigkeit","tag-umwelt"],"_links":{"self":[{"href":"https:\/\/www.die-mitfahrzentrale.de\/en\/wp-json\/wp\/v2\/posts\/1711","targetHints":{"allow":["GET"]}}],"collection":[{"href":"https:\/\/www.die-mitfahrzentrale.de\/en\/wp-json\/wp\/v2\/posts"}],"about":[{"href":"https:\/\/www.die-mitfahrzentrale.de\/en\/wp-json\/wp\/v2\/types\/post"}],"author":[{"embeddable":true,"href":"https:\/\/www.die-mitfahrzentrale.de\/en\/wp-json\/wp\/v2\/users\/1"}],"replies":[{"embeddable":true,"href":"https:\/\/www.die-mitfahrzentrale.de\/en\/wp-json\/wp\/v2\/comments?post=1711"}],"version-history":[{"count":1,"href":"https:\/\/www.die-mitfahrzentrale.de\/en\/wp-json\/wp\/v2\/posts\/1711\/revisions"}],"predecessor-version":[{"id":3260,"href":"https:\/\/www.die-mitfahrzentrale.de\/en\/wp-json\/wp\/v2\/posts\/1711\/revisions\/3260"}],"wp:attachment":[{"href":"https:\/\/www.die-mitfahrzentrale.de\/en\/wp-json\/wp\/v2\/media?parent=1711"}],"wp:term":[{"taxonomy":"category","embeddable":true,"href":"https:\/\/www.die-mitfahrzentrale.de\/en\/wp-json\/wp\/v2\/categories?post=1711"},{"taxonomy":"post_tag","embeddable":true,"href":"https:\/\/www.die-mitfahrzentrale.de\/en\/wp-json\/wp\/v2\/tags?post=1711"},{"taxonomy":"post_folder","embeddable":true,"href":"https:\/\/www.die-mitfahrzentrale.de\/en\/wp-json\/wp\/v2\/post_folder?post=1711"}],"curies":[{"name":"wp","href":"https:\/\/api.w.org\/{rel}","templated":true}]}}