{"id":1682,"date":"2014-07-04T11:04:09","date_gmt":"2014-07-04T09:04:09","guid":{"rendered":"http:\/\/www.die-mitfahrzentrale.de\/?p=1682"},"modified":"2023-08-23T13:48:39","modified_gmt":"2023-08-23T13:48:39","slug":"die-warnweste-ergaenzt-das-autozubehoer","status":"publish","type":"post","link":"https:\/\/www.die-mitfahrzentrale.de\/en\/die-warnweste-ergaenzt-das-autozubehoer\/","title":{"rendered":"Die Warnweste erg\u00e4nzt das Autozubeh\u00f6r!"},"content":{"rendered":"<p>Seit dem 01. Juli gibt es einen neuen \u201eMitfahrer\u201c im Auto \u2013 Die Warnweste. Besonders zur Vermeidung von Folgeunf\u00e4llen ist sie ein n\u00fctzliches Hilfsmittel. Wer auf der Autobahn oder Bundesstra\u00dfe aus seinem PKW aussteigen muss, beispielsweise um einen Reifen zu wechseln, der kann sich mit der Warnweste besser bemerkbar machen.<\/p>\n<h2>Was \u00fcber die Warnweste bekannt sein sollte!<\/h2>\n<p>Ein Unfall ist schnell passiert. Beim Begutachten der Sch\u00e4den oder beim Wechseln des Reifens ist sie \u00fcberzustreifen. Dies muss schnell gehen. Bestenfalls ist die Weste bereit angelegt, wenn der Fahrer aus dem Auto steigt. Daraus resultiert, dass die Warnweste im Fahrerraum zu finden sein sollte. Sie kann in den Seitenf\u00e4chern, hinter den Sitzen oder auch im Handschuhfach untergebracht und bei Bedarf schnell hervorgeholt werden. \u00a0 Die Warnweste muss der DIN EN 471 oder EN ISO 20471 entsprechen. Viele Fahrer haben sofort die typische orange Warnweste im Sinn. Tats\u00e4chlich darf dieses Autozubeh\u00f6r auch in anderen Farben erworben werden, sofern die entsprechende Norm Erw\u00e4hnung findet. Sie ist auf einem untenliegenden Etikett verzeichnet. \u00a0 Eine Warnweste pro Auto ist Pflicht. Es kann aber nicht schaden, f\u00fcr jeden Mitfahrer ebenfalls eine mitzuf\u00fchren. Trotz dieses zus\u00e4tzlichen Schutzes, sollte m\u00f6glichst hinter der Leitplanke verharrt werden. Wer ohne Weste erwischt wird, muss mit einem Verwarngeld von 15 Euro rechnen.<\/p>\n<h2>Die Warnweste als Bestandteil des Autozubeh\u00f6rs!<\/h2>\n<p>Die Warnweste geh\u00f6rt in jeden PKW und befindet sich dabei in bester Gesellschaft. Zwei weitere Utensilien sind f\u00fcr das Auto unverzichtbar.<\/p>\n<ol>\n<li>Das Warndreieck \u2013 Angeblich sind derzeit ca. ein Drittel der Fahrer ohne Warndreieck unterwegs. Und selbst wenn eines vorhanden ist, ist dieses nicht unbedingt im tadellosen Zustand. Die Reflektoren sollten nicht besch\u00e4digt sein. Wo das Warndreieck aufbewahrt wird, ist nicht geregelt.<\/li>\n<li>Der Verbandskasten \u2013 Nicht nur das Mitf\u00fchren eines Verbandskastens ist geregelt, sondern auch dessen Inhalt. Beim ADAC gibt es diesbez\u00fcglich eine <a href=\"http:\/\/www.adac.de\/infotestrat\/technik-und-zubehoer\/verbandskasten\/\">ausf\u00fchrliche Liste<\/a> zur Kontrolle.<\/li>\n<\/ol>\n","protected":false},"excerpt":{"rendered":"<p>Seit dem 01. Juli gibt es einen neuen \u201eMitfahrer\u201c im Auto \u2013 Die Warnweste. Besonders zur Vermeidung von Folgeunf\u00e4llen ist sie ein n\u00fctzliches Hilfsmittel. Wer auf der Autobahn oder Bundesstra\u00dfe aus seinem PKW aussteigen muss, beispielsweise um einen Reifen zu wechseln, der kann sich mit der Warnweste besser bemerkbar machen. Was \u00fcber die Warnweste bekannt sein sollte! Ein Unfall ist schnell passiert. Beim Begutachten der Sch\u00e4den oder beim Wechseln des Reifens ist sie \u00fcberzustreifen. Dies [&hellip;]<\/p>\n","protected":false},"author":1,"featured_media":0,"comment_status":"open","ping_status":"open","sticky":false,"template":"","format":"standard","meta":{"footnotes":""},"categories":[11],"tags":[12,47,50],"post_folder":[],"class_list":["post-1682","post","type-post","status-publish","format-standard","hentry","category-verkehr-und-mobilitaet","tag-adac","tag-unfalle","tag-verkehr"],"_links":{"self":[{"href":"https:\/\/www.die-mitfahrzentrale.de\/en\/wp-json\/wp\/v2\/posts\/1682","targetHints":{"allow":["GET"]}}],"collection":[{"href":"https:\/\/www.die-mitfahrzentrale.de\/en\/wp-json\/wp\/v2\/posts"}],"about":[{"href":"https:\/\/www.die-mitfahrzentrale.de\/en\/wp-json\/wp\/v2\/types\/post"}],"author":[{"embeddable":true,"href":"https:\/\/www.die-mitfahrzentrale.de\/en\/wp-json\/wp\/v2\/users\/1"}],"replies":[{"embeddable":true,"href":"https:\/\/www.die-mitfahrzentrale.de\/en\/wp-json\/wp\/v2\/comments?post=1682"}],"version-history":[{"count":1,"href":"https:\/\/www.die-mitfahrzentrale.de\/en\/wp-json\/wp\/v2\/posts\/1682\/revisions"}],"predecessor-version":[{"id":3269,"href":"https:\/\/www.die-mitfahrzentrale.de\/en\/wp-json\/wp\/v2\/posts\/1682\/revisions\/3269"}],"wp:attachment":[{"href":"https:\/\/www.die-mitfahrzentrale.de\/en\/wp-json\/wp\/v2\/media?parent=1682"}],"wp:term":[{"taxonomy":"category","embeddable":true,"href":"https:\/\/www.die-mitfahrzentrale.de\/en\/wp-json\/wp\/v2\/categories?post=1682"},{"taxonomy":"post_tag","embeddable":true,"href":"https:\/\/www.die-mitfahrzentrale.de\/en\/wp-json\/wp\/v2\/tags?post=1682"},{"taxonomy":"post_folder","embeddable":true,"href":"https:\/\/www.die-mitfahrzentrale.de\/en\/wp-json\/wp\/v2\/post_folder?post=1682"}],"curies":[{"name":"wp","href":"https:\/\/api.w.org\/{rel}","templated":true}]}}