{"id":1642,"date":"2014-05-15T09:21:39","date_gmt":"2014-05-15T07:21:39","guid":{"rendered":"http:\/\/www.die-mitfahrzentrale.de\/?p=1642"},"modified":"2023-08-23T13:48:40","modified_gmt":"2023-08-23T13:48:40","slug":"mit-dem-kopfhoerer-im-strassenverkehr-ist-dies-verboten","status":"publish","type":"post","link":"https:\/\/www.die-mitfahrzentrale.de\/en\/mit-dem-kopfhoerer-im-strassenverkehr-ist-dies-verboten\/","title":{"rendered":"Mit dem Kopfh\u00f6rer im Stra\u00dfenverkehr \u2013 Ist dies verboten?"},"content":{"rendered":"<p>Musik h\u00f6ren kann gar nicht verboten sein, denn schlie\u00dflich wird in den Autos ein Radio verbaut. Warum sollten Radfahrer oder auch Autofahrer also auf Kopfh\u00f6rer verzichten sollen? Alarmierendes ist jedoch von der Deutschen Gesellschaft f\u00fcr Unfallchirurgie (DGU) zu h\u00f6ren. Es wird berichtet, dass die Unfallzahlen, welche auf ein \u00dcberh\u00f6ren von Warnsignalen zur\u00fcckzuf\u00fchren sind, ansteigen.<\/p>\n<h2>Ist das Tragen eines Kopfh\u00f6rers im Stra\u00dfenverkehr verboten?<\/h2>\n<p>Wer ist eigentlich Teilnehmer am Stra\u00dfenverkehr? Der Name sagt es eigentlich schon \u2013 Jeder der an der Stra\u00dfe verkehrt. Dies sind Auto-, Motorrad- und LKW-Fahrer, ebenso die Radfahrer und auch Fu\u00dfg\u00e4nger. Aber welches Gesetz verbietet das Tragen eines Kopfh\u00f6rers? Tats\u00e4chlich gibt es hierf\u00fcr keine eindeutige Regelung. Die Benutzung der Kopfh\u00f6rer ist nicht verboten. Egal ob in Auto oder auf dem Fahrrad, rein rechtlich kann niemand f\u00fcr das Anh\u00f6ren von Musik belangt werden. Es gibt jedoch eine Ausnahme. Im Paragraphen 23 der Stra\u00dfenverkehrsordnung ist zu lesen: \u201eWer ein Fahrzeug f\u00fchrt, ist daf\u00fcr verantwortlich, dass seine Sicht und <b>das Geh\u00f6r<\/b> nicht durch die Besetzung, Tiere, die Ladung, <b>Ger\u00e4te<\/b> oder den Zustand des Fahrzeugs beeintr\u00e4chtigt werden.\u201c Ist die Musik zu laut, so kann die Strafe auf dem Fu\u00dfe folgen. Geschieht ein Unfall, wird auch \u00fcberpr\u00fcft inwiefern die Schuld beim Beteiligten liegt, der laut Musik geh\u00f6rt hat.<\/p>\n<h2>Wie wirkt sich eine Ordnungswidrigkeit durch Tragen von Kopfh\u00f6rern aus?<\/h2>\n<p>ARAG, eine bekannte Rechtsschutzversicherung, verweist auf den Paragraphen 1 der Stra\u00dfenverkehrsordnung. Die &#8220;gegenseitige R\u00fccksichtnahme\u201c ist bei lauter Musik nicht gew\u00e4hrleistet. Ein Bu\u00dfgeld von 10 Euro kann diesbez\u00fcglich verh\u00e4ngt werden. Die Polizei Hamburg hat diesen Tatbestand in 31 F\u00e4llen im vergangenen Jahr umgesetzt. 26 Radfahrer wurden belangt. F\u00fcnf Autofahrer konnten wegen der zu lauten Musik nicht auf die Ger\u00e4usche des Stra\u00dfenverkehrs achten. Das Bu\u00dfgeld ist aber auch auf Grund der unklaren Gesetzeslage niedrig gew\u00e4hlt. Ein Gerichtsverfahren ist wirtschaftlich wegen 10 Euro nicht sinnvoll.<\/p>\n","protected":false},"excerpt":{"rendered":"<p>Musik h\u00f6ren kann gar nicht verboten sein, denn schlie\u00dflich wird in den Autos ein Radio verbaut. Warum sollten Radfahrer oder auch Autofahrer also auf Kopfh\u00f6rer verzichten sollen? Alarmierendes ist jedoch von der Deutschen Gesellschaft f\u00fcr Unfallchirurgie (DGU) zu h\u00f6ren. Es wird berichtet, dass die Unfallzahlen, welche auf ein \u00dcberh\u00f6ren von Warnsignalen zur\u00fcckzuf\u00fchren sind, ansteigen. Ist das Tragen eines Kopfh\u00f6rers im Stra\u00dfenverkehr verboten? Wer ist eigentlich Teilnehmer am Stra\u00dfenverkehr? Der Name sagt es eigentlich schon \u2013 [&hellip;]<\/p>\n","protected":false},"author":1,"featured_media":0,"comment_status":"open","ping_status":"open","sticky":false,"template":"","format":"standard","meta":{"footnotes":""},"categories":[7,11],"tags":[26,47,50,51],"post_folder":[],"class_list":["post-1642","post","type-post","status-publish","format-standard","hentry","category-recht-und-politik","category-verkehr-und-mobilitaet","tag-fahrrad","tag-unfalle","tag-verkehr","tag-versicherung"],"_links":{"self":[{"href":"https:\/\/www.die-mitfahrzentrale.de\/en\/wp-json\/wp\/v2\/posts\/1642","targetHints":{"allow":["GET"]}}],"collection":[{"href":"https:\/\/www.die-mitfahrzentrale.de\/en\/wp-json\/wp\/v2\/posts"}],"about":[{"href":"https:\/\/www.die-mitfahrzentrale.de\/en\/wp-json\/wp\/v2\/types\/post"}],"author":[{"embeddable":true,"href":"https:\/\/www.die-mitfahrzentrale.de\/en\/wp-json\/wp\/v2\/users\/1"}],"replies":[{"embeddable":true,"href":"https:\/\/www.die-mitfahrzentrale.de\/en\/wp-json\/wp\/v2\/comments?post=1642"}],"version-history":[{"count":1,"href":"https:\/\/www.die-mitfahrzentrale.de\/en\/wp-json\/wp\/v2\/posts\/1642\/revisions"}],"predecessor-version":[{"id":3281,"href":"https:\/\/www.die-mitfahrzentrale.de\/en\/wp-json\/wp\/v2\/posts\/1642\/revisions\/3281"}],"wp:attachment":[{"href":"https:\/\/www.die-mitfahrzentrale.de\/en\/wp-json\/wp\/v2\/media?parent=1642"}],"wp:term":[{"taxonomy":"category","embeddable":true,"href":"https:\/\/www.die-mitfahrzentrale.de\/en\/wp-json\/wp\/v2\/categories?post=1642"},{"taxonomy":"post_tag","embeddable":true,"href":"https:\/\/www.die-mitfahrzentrale.de\/en\/wp-json\/wp\/v2\/tags?post=1642"},{"taxonomy":"post_folder","embeddable":true,"href":"https:\/\/www.die-mitfahrzentrale.de\/en\/wp-json\/wp\/v2\/post_folder?post=1642"}],"curies":[{"name":"wp","href":"https:\/\/api.w.org\/{rel}","templated":true}]}}