{"id":1617,"date":"2014-04-23T15:18:21","date_gmt":"2014-04-23T13:18:21","guid":{"rendered":"http:\/\/www.die-mitfahrzentrale.de\/?p=1617"},"modified":"2023-08-23T13:48:41","modified_gmt":"2023-08-23T13:48:41","slug":"umweltschutz-zu-hause-teil-1-heizung-und-kleidung","status":"publish","type":"post","link":"https:\/\/www.die-mitfahrzentrale.de\/en\/umweltschutz-zu-hause-teil-1-heizung-und-kleidung\/","title":{"rendered":"Umweltschutz zu Hause \u2013 Teil 1: Heizung und Kleidung"},"content":{"rendered":"<p>Wie so vieles andere f\u00e4ngt auch der Umweltschutz zu Hause an. Was bringt es vor Kraftwerken zu protestieren und andere Umwelts\u00fcnden anzuprangern, wenn diese Mentalit\u00e4t zu Hause nicht vorgelebt wird? Auf unserem Planeten leben \u00fcber 7 Milliarden Menschen (Stand 2012). Wenn jeder seinen Teil zum Umweltschutz beisteuert ist schon viel gewonnen. Im ersten Teil unserer Serie wird auf die Heizung und die Kleidung eingegangen.<\/p>\n<h2>Die Umwelt durch bewusstes Heizen sch\u00fctzen<\/h2>\n<p>Vom Herbst, \u00fcber den Winter, bis ins Fr\u00fchjahr hinein ist die Heizung im Einsatz. Auch an kalten Sommertagen wird in vielen Haushalten geheizt. Einmal ist es nur nat\u00fcrlich nicht frieren zu wollen. Davon soll hier auch keine Rede sein. Aber die Raumtemperatur dauerhaft um wenige Grad zu senken, kann die Umwelt entlasten und gleichzeitig die Haushaltskosten senken. Der K\u00e4lte, falls bei einer Temperatur von 16 bis 18 Grad Celsius denn \u00fcberhaupt davon gesprochen werden kann \u2013 immerhin sind dies Werte bei denen drau\u00dfen oft schon in kurzer Hose herumgelaufen wird \u2013 kann anders begegnet werden. Dickere Klamotten sind eine L\u00f6sung. Diese halten ebenfalls warm, kosten jedoch nur bei der Anschaffung Geld. Auch das Benutzen einer Decke ist zweckdienlich. Wer viel liest oder am Laptop arbeitet, der kann sich sogar eine Decke mit \u00c4rmeln anschaffen. Ebenfalls zum Heizen geh\u00f6rt das L\u00fcften. Hier ist es nicht sinnvoll Fenster zu kippen. Weniger Heizenergie und warme Luft wird verbraucht, wenn das Fenster \u00fcber einen k\u00fcrzeren Zeitraum ganz ge\u00f6ffnet wird. Dies ist auch besser f\u00fcr die Luft im Zimmer. Au\u00dferdem heizt sich dadurch der Raum schneller wieder auf.<\/p>\n<h2>Kleidung wiederverwenden und die Umwelt schonen<\/h2>\n<p>Auch bei der Herstellung von Klamotten wird die Umwelt belastet. Oftmals ist der Kleiderschrank gef\u00fcllt und doch wird nichts zum Anziehen gefunden. Was nicht mehr passt oder nicht mehr gef\u00e4llt, kann im Second-Hand-Laden verkauft oder getauscht werden. Auch ein privater Kleidermarkt mit Freunden und Bekannten ist sinnvoll. Dies schont die Umwelt, da weniger Klamotten produziert werden m\u00fcssen und den Geldbeutel gleicherma\u00dfen. Im Zweifel sollten die Kleider schlie\u00dflich im Altkleider-Container landen und nicht im Hausm\u00fcll.<\/p>\n","protected":false},"excerpt":{"rendered":"<p>Wie so vieles andere f\u00e4ngt auch der Umweltschutz zu Hause an. Was bringt es vor Kraftwerken zu protestieren und andere Umwelts\u00fcnden anzuprangern, wenn diese Mentalit\u00e4t zu Hause nicht vorgelebt wird? Auf unserem Planeten leben \u00fcber 7 Milliarden Menschen (Stand 2012). Wenn jeder seinen Teil zum Umweltschutz beisteuert ist schon viel gewonnen. Im ersten Teil unserer Serie wird auf die Heizung und die Kleidung eingegangen. Die Umwelt durch bewusstes Heizen sch\u00fctzen Vom Herbst, \u00fcber den Winter, [&hellip;]<\/p>\n","protected":false},"author":1,"featured_media":0,"comment_status":"open","ping_status":"open","sticky":false,"template":"","format":"standard","meta":{"footnotes":""},"categories":[10],"tags":[46],"post_folder":[],"class_list":["post-1617","post","type-post","status-publish","format-standard","hentry","category-umweltschutz-und-nachhaltigkeit","tag-umwelt"],"_links":{"self":[{"href":"https:\/\/www.die-mitfahrzentrale.de\/en\/wp-json\/wp\/v2\/posts\/1617","targetHints":{"allow":["GET"]}}],"collection":[{"href":"https:\/\/www.die-mitfahrzentrale.de\/en\/wp-json\/wp\/v2\/posts"}],"about":[{"href":"https:\/\/www.die-mitfahrzentrale.de\/en\/wp-json\/wp\/v2\/types\/post"}],"author":[{"embeddable":true,"href":"https:\/\/www.die-mitfahrzentrale.de\/en\/wp-json\/wp\/v2\/users\/1"}],"replies":[{"embeddable":true,"href":"https:\/\/www.die-mitfahrzentrale.de\/en\/wp-json\/wp\/v2\/comments?post=1617"}],"version-history":[{"count":1,"href":"https:\/\/www.die-mitfahrzentrale.de\/en\/wp-json\/wp\/v2\/posts\/1617\/revisions"}],"predecessor-version":[{"id":3288,"href":"https:\/\/www.die-mitfahrzentrale.de\/en\/wp-json\/wp\/v2\/posts\/1617\/revisions\/3288"}],"wp:attachment":[{"href":"https:\/\/www.die-mitfahrzentrale.de\/en\/wp-json\/wp\/v2\/media?parent=1617"}],"wp:term":[{"taxonomy":"category","embeddable":true,"href":"https:\/\/www.die-mitfahrzentrale.de\/en\/wp-json\/wp\/v2\/categories?post=1617"},{"taxonomy":"post_tag","embeddable":true,"href":"https:\/\/www.die-mitfahrzentrale.de\/en\/wp-json\/wp\/v2\/tags?post=1617"},{"taxonomy":"post_folder","embeddable":true,"href":"https:\/\/www.die-mitfahrzentrale.de\/en\/wp-json\/wp\/v2\/post_folder?post=1617"}],"curies":[{"name":"wp","href":"https:\/\/api.w.org\/{rel}","templated":true}]}}