{"id":161,"date":"2010-06-28T16:35:54","date_gmt":"2010-06-28T14:35:54","guid":{"rendered":"http:\/\/www.die-mitfahrzentrale.de\/?p=161"},"modified":"2023-08-23T13:49:06","modified_gmt":"2023-08-23T13:49:06","slug":"golf-von-mexiko-eine-der-grosten-umweltkatastrophen-der-geschichte","status":"publish","type":"post","link":"https:\/\/www.die-mitfahrzentrale.de\/en\/golf-von-mexiko-eine-der-grosten-umweltkatastrophen-der-geschichte\/","title":{"rendered":"Golf von Mexiko - eine der gr\u00f6\u00dften Umweltkatastrophen der Geschichte"},"content":{"rendered":"<p>Das austretende \u00d6l im Golf von Mexiko entwickelt sich zu einer der gr\u00f6\u00dften Umweltkatastophen in der Geschichte der USA. Noch immer konnte das Leck nicht geschlossen werden. Somit flie\u00dfen seit April weiterhin bis 800.000 Liter \u00d6l am Tag ins Meer und richten dort eine gewaltige Zerst\u00f6rung an. Solche Katastrophen machen einmal mehr die Gier des Menschen nach \u00d6l deutlich. Vielleicht sollte sich jeder pers\u00f6nlich fragen, wie man sein eigenes Leben umstellen kann, um die starke Nachfrage nach \u00d6l zu verringern. \u00d6fter auf das eigene Auto zu verzichten ist mit Sicherheit ein Anfang. Innerst\u00e4dtisch kommt man auch mit dem Fahrrad gut ans Ziel! Auch wenn dies nur ein kleiner Beitrag ist, der sicher als einzelne Handlung kaum wahrgenommen wird, in der Masse kann etwas bewegt werden.<\/p>\n","protected":false},"excerpt":{"rendered":"<p>Das austretende \u00d6l im Golf von Mexiko entwickelt sich zu einer der gr\u00f6\u00dften Umweltkatastophen in der Geschichte der USA. Noch immer konnte das Leck nicht geschlossen werden. Somit flie\u00dfen seit April weiterhin bis 800.000 Liter \u00d6l am Tag ins Meer und richten dort eine gewaltige Zerst\u00f6rung an. Solche Katastrophen machen einmal mehr die Gier des Menschen nach \u00d6l deutlich. Vielleicht sollte sich jeder pers\u00f6nlich fragen, wie man sein eigenes Leben umstellen kann, um die starke [&hellip;]<\/p>\n","protected":false},"author":1,"featured_media":0,"comment_status":"open","ping_status":"open","sticky":false,"template":"","format":"standard","meta":{"footnotes":""},"categories":[10],"tags":[],"post_folder":[],"class_list":["post-161","post","type-post","status-publish","format-standard","hentry","category-umweltschutz-und-nachhaltigkeit"],"_links":{"self":[{"href":"https:\/\/www.die-mitfahrzentrale.de\/en\/wp-json\/wp\/v2\/posts\/161","targetHints":{"allow":["GET"]}}],"collection":[{"href":"https:\/\/www.die-mitfahrzentrale.de\/en\/wp-json\/wp\/v2\/posts"}],"about":[{"href":"https:\/\/www.die-mitfahrzentrale.de\/en\/wp-json\/wp\/v2\/types\/post"}],"author":[{"embeddable":true,"href":"https:\/\/www.die-mitfahrzentrale.de\/en\/wp-json\/wp\/v2\/users\/1"}],"replies":[{"embeddable":true,"href":"https:\/\/www.die-mitfahrzentrale.de\/en\/wp-json\/wp\/v2\/comments?post=161"}],"version-history":[{"count":1,"href":"https:\/\/www.die-mitfahrzentrale.de\/en\/wp-json\/wp\/v2\/posts\/161\/revisions"}],"predecessor-version":[{"id":3802,"href":"https:\/\/www.die-mitfahrzentrale.de\/en\/wp-json\/wp\/v2\/posts\/161\/revisions\/3802"}],"wp:attachment":[{"href":"https:\/\/www.die-mitfahrzentrale.de\/en\/wp-json\/wp\/v2\/media?parent=161"}],"wp:term":[{"taxonomy":"category","embeddable":true,"href":"https:\/\/www.die-mitfahrzentrale.de\/en\/wp-json\/wp\/v2\/categories?post=161"},{"taxonomy":"post_tag","embeddable":true,"href":"https:\/\/www.die-mitfahrzentrale.de\/en\/wp-json\/wp\/v2\/tags?post=161"},{"taxonomy":"post_folder","embeddable":true,"href":"https:\/\/www.die-mitfahrzentrale.de\/en\/wp-json\/wp\/v2\/post_folder?post=161"}],"curies":[{"name":"wp","href":"https:\/\/api.w.org\/{rel}","templated":true}]}}