{"id":1574,"date":"2014-03-21T09:15:34","date_gmt":"2014-03-21T08:15:34","guid":{"rendered":"http:\/\/www.die-mitfahrzentrale.de\/?p=1574"},"modified":"2023-08-23T13:48:42","modified_gmt":"2023-08-23T13:48:42","slug":"mit-dem-e-bike-auf-die-autobahn","status":"publish","type":"post","link":"https:\/\/www.die-mitfahrzentrale.de\/en\/mit-dem-e-bike-auf-die-autobahn\/","title":{"rendered":"Mit dem E-Bike auf die Autobahn?"},"content":{"rendered":"<p>Die E-Bikes erobern Deutschland. Immer mehr Personen steigen auf das Zweirad mit motorisierter Unterst\u00fctzung und Trethilfe um. Es ist kein Nischenprodukt mehr, welches von alten Leuten f\u00fcr die Mobilit\u00e4t genutzt wird. Nat\u00fcrlich ist es einleuchtend, dass mit einem E-Bike die Fahrt auf der Autobahn nicht m\u00f6glich ist. Aber es befindet sich tats\u00e4chlich ein Vehikel in der Entwicklung, welches eine entsprechende Geschwindigkeit erreichen soll.<\/p>\n<h2>Das schnellste Fahrrad der Welt?<\/h2>\n<p>Mit dem E-Bike Terminus ist eine maximale Geschwindigkeit von 120 Stundenkilometern auf ebener Strecke m\u00f6glich. Es ist beachtlich, dass das Treten zur Fortbewegung den Fahrer dabei nur wenig anzustrengen scheint. Der Elektromotor wird aber auch mit 2.000 Watt betrieben. Er unterscheidet sich damit von den herk\u00f6mmlichen Modellen, die mit maximal 800 Watt angetrieben werden.<\/p>\n<p>Jetzt stellt sich zun\u00e4chst die Frage, ob das E-Bike Terminus tats\u00e4chlich das schnellste Fahrrad der Welt ist. Von der reinen Geschwindigkeit muss verneint werden. Denn der Rekord mit einem Liegefahrrad liegt bei einem Tempo von 130 km\/h. Allerdings muss dem Terminus zugute gehalten werden, dass es seinen Rekord auf ebener Strecke erreichen konnte.<\/p>\n<h2>Weitere Spezifikationen des E-Bike Terminus<\/h2>\n<p>Die hohe Endgeschwindigkeit k\u00f6nnte nahelegen, dass der Akku recht lange zum Aufladen braucht. Aber weit gefehlt, dass E-Bike schafft es innerhalb von einer Stunde auf 80 Prozent Leistung und soll auch nach 1.000 Zyklen der Aufladung kaum an Leistung verlieren. Ist der Akku vollst\u00e4ndig geladen, kann eine Strecke von 80 Kilometern zur\u00fcckgelegt werden.<\/p>\n<p>Die hohe Geschwindigkeit stellt die Entwickler vor ein weiteres Problem \u2013 die Bremsen. Es wurden hier Teile verwendet, die auch in der Formel 1 zum Einsatz kommen. Unterschiedliche Ausstattungspakete bieten den Kunden die M\u00f6glichkeit zur Individualisierung. Das Produkt wird aus Titan, Karbon und Aluminium gefertigt.<\/p>\n<p>Wo vielen ein gew\u00f6hnliches E-Bike schon teuer erscheint, nimmt das Terminus noch eine Sonderstellung ein. Der Kostenpunkt bei der einfachsten Ausstattung liegt bei 27.000 Euro. Durch die Geschwindigkeit und Motorleistung gilt das E-Bike im eigentlichen Sinne nicht mehr als Fahrrad und darf somit nicht auf den f\u00fchr Fahrr\u00e4dern ausgezeichneten Wegen betrieben werden.<\/p>\n","protected":false},"excerpt":{"rendered":"<p>Die E-Bikes erobern Deutschland. Immer mehr Personen steigen auf das Zweirad mit motorisierter Unterst\u00fctzung und Trethilfe um. Es ist kein Nischenprodukt mehr, welches von alten Leuten f\u00fcr die Mobilit\u00e4t genutzt wird. Nat\u00fcrlich ist es einleuchtend, dass mit einem E-Bike die Fahrt auf der Autobahn nicht m\u00f6glich ist. Aber es befindet sich tats\u00e4chlich ein Vehikel in der Entwicklung, welches eine entsprechende Geschwindigkeit erreichen soll. Das schnellste Fahrrad der Welt? Mit dem E-Bike Terminus ist eine maximale [&hellip;]<\/p>\n","protected":false},"author":1,"featured_media":0,"comment_status":"open","ping_status":"open","sticky":false,"template":"","format":"standard","meta":{"footnotes":""},"categories":[10,11],"tags":[26,46,50],"post_folder":[],"class_list":["post-1574","post","type-post","status-publish","format-standard","hentry","category-umweltschutz-und-nachhaltigkeit","category-verkehr-und-mobilitaet","tag-fahrrad","tag-umwelt","tag-verkehr"],"_links":{"self":[{"href":"https:\/\/www.die-mitfahrzentrale.de\/en\/wp-json\/wp\/v2\/posts\/1574","targetHints":{"allow":["GET"]}}],"collection":[{"href":"https:\/\/www.die-mitfahrzentrale.de\/en\/wp-json\/wp\/v2\/posts"}],"about":[{"href":"https:\/\/www.die-mitfahrzentrale.de\/en\/wp-json\/wp\/v2\/types\/post"}],"author":[{"embeddable":true,"href":"https:\/\/www.die-mitfahrzentrale.de\/en\/wp-json\/wp\/v2\/users\/1"}],"replies":[{"embeddable":true,"href":"https:\/\/www.die-mitfahrzentrale.de\/en\/wp-json\/wp\/v2\/comments?post=1574"}],"version-history":[{"count":2,"href":"https:\/\/www.die-mitfahrzentrale.de\/en\/wp-json\/wp\/v2\/posts\/1574\/revisions"}],"predecessor-version":[{"id":3306,"href":"https:\/\/www.die-mitfahrzentrale.de\/en\/wp-json\/wp\/v2\/posts\/1574\/revisions\/3306"}],"wp:attachment":[{"href":"https:\/\/www.die-mitfahrzentrale.de\/en\/wp-json\/wp\/v2\/media?parent=1574"}],"wp:term":[{"taxonomy":"category","embeddable":true,"href":"https:\/\/www.die-mitfahrzentrale.de\/en\/wp-json\/wp\/v2\/categories?post=1574"},{"taxonomy":"post_tag","embeddable":true,"href":"https:\/\/www.die-mitfahrzentrale.de\/en\/wp-json\/wp\/v2\/tags?post=1574"},{"taxonomy":"post_folder","embeddable":true,"href":"https:\/\/www.die-mitfahrzentrale.de\/en\/wp-json\/wp\/v2\/post_folder?post=1574"}],"curies":[{"name":"wp","href":"https:\/\/api.w.org\/{rel}","templated":true}]}}