{"id":1530,"date":"2014-02-13T14:48:47","date_gmt":"2014-02-13T13:48:47","guid":{"rendered":"http:\/\/www.die-mitfahrzentrale.de\/?p=1530"},"modified":"2023-08-23T13:48:44","modified_gmt":"2023-08-23T13:48:44","slug":"fragen-und-antworten-zum-thema-carsharing-teil-3","status":"publish","type":"post","link":"https:\/\/www.die-mitfahrzentrale.de\/en\/fragen-und-antworten-zum-thema-carsharing-teil-3\/","title":{"rendered":"Fragen und Antworten zum Thema Carsharing \u2013 Teil 3"},"content":{"rendered":"<p>Jetzt sind wir bereits beim dritten Teil unserer Fragen und Antworten Serie angekommen. Im <a href=\"https:\/\/www.die-mitfahrzentrale.de\/2014\/02\/fragen-und-antworten-zum-thema-carsharing-teil-1\/\">ersten Teil<\/a> wurden grunds\u00e4tzliche Fragen beantwortet. Der <a href=\"https:\/\/www.die-mitfahrzentrale.de\/2014\/02\/fragen-und-antworten-zum-thema-carsharing-teil-2\/\">zweite Teil<\/a> besch\u00e4ftigte sich mit den Fragen, ab wann sich Carsharing loht, wo das n\u00e4chste Auto zu finden ist, wie flexibel das Modell ist und wer den PKW \u00fcberhaupt tankt. An dieser Stelle kn\u00fcpfen wir an.<\/p>\n<h2>Wissenswertes zum Thema Carsharing \u2013 Fragen 9 bis 12<\/h2>\n<h3>9. Wer wartet die Autos der Carsharing-Flotte?<\/h3>\n<p>Je nach Carsharing-Modell \u00fcbernimmt die Wartung entweder der Anbieter selbst oder bei einem privaten Carsharing der eigentliche Besitzer. Der klassische Kunde hat mit der Wartung nichts zu tun und kann sich einfach auf das Fahren konzentrieren.<\/p>\n<h3>10. Was muss beachtet werden, bevor losgefahren wird?<\/h3>\n<p>Der Kunde sollte das Auto von au\u00dfen und von innen betrachten. Sind Besch\u00e4digungen vorhanden, so muss eine Meldung gemacht werden, bevor die eigentliche Fahrt beginnt. Ansonsten kann diese nicht eindeutig einem Kunden zugeordnet werden. Falls selber einmal ein Unfall passiert, und wir sind ja alle nur Menschen, so sollte dieser nat\u00fcrlich ebenfalls gemeldet werden.<\/p>\n<h3>11. Muss das Auto ges\u00e4ubert werden?<\/h3>\n<p>Ein PKW der Carsharing-Flotte ist prinzipiell nicht auf Hochglanz zu polieren. Es gibt jedoch ein ungeschriebenes Gesetz, das Auto zu zur\u00fcckzulassen, wie es vorgefunden wurde. Kekskr\u00fcmel, Flecken oder andere Beeintr\u00e4chtigungen sind zu beseitigen, wenn diese bei der eigenen Autofahrt entstanden sind. Dies gew\u00e4hrleistet gleichzeitig die Qualit\u00e4t des Carsharings.<\/p>\n<h3>12. Steigen die Carsharing-Preise mit steigendem Benzinpreis?<\/h3>\n<p>Die Kosten f\u00fcr das Carsharing sind nicht am Benzinpreis gekn\u00fcpft. Dies liegt daran, dass durch steigende Preise an den Tankstellen immer mehr Kunden zum Carsharing wechseln. Die PKWs sind \u00f6fters in Betrieb und die grunds\u00e4tzlichen Kosten pro Kunde sinken. Daher ist es derzeit unwahrscheinlich, dass die Preise steigen. Einige Anbieter haben diese sogar schon gesenkt, weil mehr Kunden zu ihnen gekommen sind.<\/p>\n","protected":false},"excerpt":{"rendered":"<p>Jetzt sind wir bereits beim dritten Teil unserer Fragen und Antworten Serie angekommen. Im ersten Teil wurden grunds\u00e4tzliche Fragen beantwortet. Der zweite Teil besch\u00e4ftigte sich mit den Fragen, ab wann sich Carsharing loht, wo das n\u00e4chste Auto zu finden ist, wie flexibel das Modell ist und wer den PKW \u00fcberhaupt tankt. An dieser Stelle kn\u00fcpfen wir an. Wissenswertes zum Thema Carsharing \u2013 Fragen 9 bis 12 9. Wer wartet die Autos der Carsharing-Flotte? Je nach [&hellip;]<\/p>\n","protected":false},"author":1,"featured_media":0,"comment_status":"open","ping_status":"open","sticky":false,"template":"","format":"standard","meta":{"footnotes":""},"categories":[10,11],"tags":[46,50],"post_folder":[],"class_list":["post-1530","post","type-post","status-publish","format-standard","hentry","category-umweltschutz-und-nachhaltigkeit","category-verkehr-und-mobilitaet","tag-umwelt","tag-verkehr"],"_links":{"self":[{"href":"https:\/\/www.die-mitfahrzentrale.de\/en\/wp-json\/wp\/v2\/posts\/1530","targetHints":{"allow":["GET"]}}],"collection":[{"href":"https:\/\/www.die-mitfahrzentrale.de\/en\/wp-json\/wp\/v2\/posts"}],"about":[{"href":"https:\/\/www.die-mitfahrzentrale.de\/en\/wp-json\/wp\/v2\/types\/post"}],"author":[{"embeddable":true,"href":"https:\/\/www.die-mitfahrzentrale.de\/en\/wp-json\/wp\/v2\/users\/1"}],"replies":[{"embeddable":true,"href":"https:\/\/www.die-mitfahrzentrale.de\/en\/wp-json\/wp\/v2\/comments?post=1530"}],"version-history":[{"count":2,"href":"https:\/\/www.die-mitfahrzentrale.de\/en\/wp-json\/wp\/v2\/posts\/1530\/revisions"}],"predecessor-version":[{"id":3334,"href":"https:\/\/www.die-mitfahrzentrale.de\/en\/wp-json\/wp\/v2\/posts\/1530\/revisions\/3334"}],"wp:attachment":[{"href":"https:\/\/www.die-mitfahrzentrale.de\/en\/wp-json\/wp\/v2\/media?parent=1530"}],"wp:term":[{"taxonomy":"category","embeddable":true,"href":"https:\/\/www.die-mitfahrzentrale.de\/en\/wp-json\/wp\/v2\/categories?post=1530"},{"taxonomy":"post_tag","embeddable":true,"href":"https:\/\/www.die-mitfahrzentrale.de\/en\/wp-json\/wp\/v2\/tags?post=1530"},{"taxonomy":"post_folder","embeddable":true,"href":"https:\/\/www.die-mitfahrzentrale.de\/en\/wp-json\/wp\/v2\/post_folder?post=1530"}],"curies":[{"name":"wp","href":"https:\/\/api.w.org\/{rel}","templated":true}]}}