{"id":153,"date":"2010-05-06T14:00:13","date_gmt":"2010-05-06T12:00:13","guid":{"rendered":"http:\/\/www.die-mitfahrzentrale.de\/?p=153"},"modified":"2023-08-23T13:49:07","modified_gmt":"2023-08-23T13:49:07","slug":"video-vortrag-peak-oil","status":"publish","type":"post","link":"https:\/\/www.die-mitfahrzentrale.de\/en\/video-vortrag-peak-oil\/","title":{"rendered":"Video-Vortrag Peak Oil"},"content":{"rendered":"<h3><span>Peak Oil und die Bedeutung der steigenden  \u00d6lpreise f\u00fcr die Wirtschaft und das eigene Leben. Ein interessanter  vertonter Vortrag &#8211; jetzt <a href=\"http:\/\/www.regionalentwicklung.de\/1.11.0.0.1.0.phtml\">hier<\/a> anh\u00f6ren!<\/span><\/h3>\n","protected":false},"excerpt":{"rendered":"<p>Peak Oil und die Bedeutung der steigenden \u00d6lpreise f\u00fcr die Wirtschaft und das eigene Leben. Ein interessanter vertonter Vortrag &#8211; jetzt hier anh\u00f6ren!<\/p>\n","protected":false},"author":1,"featured_media":0,"comment_status":"open","ping_status":"open","sticky":false,"template":"","format":"standard","meta":{"footnotes":""},"categories":[10,11],"tags":[],"post_folder":[],"class_list":["post-153","post","type-post","status-publish","format-standard","hentry","category-umweltschutz-und-nachhaltigkeit","category-verkehr-und-mobilitaet"],"_links":{"self":[{"href":"https:\/\/www.die-mitfahrzentrale.de\/en\/wp-json\/wp\/v2\/posts\/153","targetHints":{"allow":["GET"]}}],"collection":[{"href":"https:\/\/www.die-mitfahrzentrale.de\/en\/wp-json\/wp\/v2\/posts"}],"about":[{"href":"https:\/\/www.die-mitfahrzentrale.de\/en\/wp-json\/wp\/v2\/types\/post"}],"author":[{"embeddable":true,"href":"https:\/\/www.die-mitfahrzentrale.de\/en\/wp-json\/wp\/v2\/users\/1"}],"replies":[{"embeddable":true,"href":"https:\/\/www.die-mitfahrzentrale.de\/en\/wp-json\/wp\/v2\/comments?post=153"}],"version-history":[{"count":1,"href":"https:\/\/www.die-mitfahrzentrale.de\/en\/wp-json\/wp\/v2\/posts\/153\/revisions"}],"predecessor-version":[{"id":3805,"href":"https:\/\/www.die-mitfahrzentrale.de\/en\/wp-json\/wp\/v2\/posts\/153\/revisions\/3805"}],"wp:attachment":[{"href":"https:\/\/www.die-mitfahrzentrale.de\/en\/wp-json\/wp\/v2\/media?parent=153"}],"wp:term":[{"taxonomy":"category","embeddable":true,"href":"https:\/\/www.die-mitfahrzentrale.de\/en\/wp-json\/wp\/v2\/categories?post=153"},{"taxonomy":"post_tag","embeddable":true,"href":"https:\/\/www.die-mitfahrzentrale.de\/en\/wp-json\/wp\/v2\/tags?post=153"},{"taxonomy":"post_folder","embeddable":true,"href":"https:\/\/www.die-mitfahrzentrale.de\/en\/wp-json\/wp\/v2\/post_folder?post=153"}],"curies":[{"name":"wp","href":"https:\/\/api.w.org\/{rel}","templated":true}]}}