{"id":1474,"date":"2013-12-29T09:01:14","date_gmt":"2013-12-29T08:01:14","guid":{"rendered":"http:\/\/www.die-mitfahrzentrale.de\/?p=1474"},"modified":"2023-08-23T13:48:45","modified_gmt":"2023-08-23T13:48:45","slug":"ratgeber-ist-das-auto-startklar-fuer-den-winter","status":"publish","type":"post","link":"https:\/\/www.die-mitfahrzentrale.de\/en\/ratgeber-ist-das-auto-startklar-fuer-den-winter\/","title":{"rendered":"Ratgeber \u2013 Ist das Auto startklar f\u00fcr den Winter?"},"content":{"rendered":"<p>Noch bevor K\u00e4lte, Eis und Schnee einsetzen, sollte das eigene Auto winterfest gemacht werden. F\u00fcr die eigene Sicherheit und die Sicherheit der anderen Fahrer auf den Stra\u00dfen ist dies ein enorm wichtiger Prozess. H\u00e4ufig machen Autofahrer jedoch nur wenig, um sich auf die kalte Jahreszeit einzustellen. Nicht wenige haben im Anschluss mit den Folgen zu k\u00e4mpfen. Der nachfolgende Ratgeber soll aufzeigen, welche Ma\u00dfnahmen ergriffen werden sollten, damit PKW und Fahrer sicher durch den Winter kommen.<\/p>\n<h2>Checkliste \u2013 Winterfestes Auto!<\/h2>\n<p>In der nachfolgenden Tabelle sind alle wesentlichen Ma\u00dfnahmen aufgef\u00fchrt, welche vom Fahrer f\u00fcr den Wintereinbruch bedacht werden sollten.<\/p>\n<table width=\"625\" border=\"1\" cellspacing=\"0\" cellpadding=\"0\">\n<tbody>\n<tr>\n<td valign=\"top\" width=\"307\"><b>Ma\u00dfnahme<\/b><\/td>\n<td valign=\"top\" width=\"307\"><b>Beschreibung<\/b><\/td>\n<\/tr>\n<tr>\n<td valign=\"top\" width=\"307\"><b>Reifen wechseln<\/b><\/td>\n<td valign=\"top\" width=\"307\">Schon bevor der erste Schnee liegt, sollten die Winterreifen auf dem PKW nicht fehlen. Vom Gesetzt her ist ein Mindestprofil von 1,6 mm vorgeschrieben. Der ADAC empfiehlt jedoch eine Profiltiefe von 4,0 mm. Reifen, die \u00e4lter als 10 Jahre sind, sollten grunds\u00e4tzlich getauscht werden.<\/td>\n<\/tr>\n<tr>\n<td valign=\"top\" width=\"307\"><b>Batterie \u00fcberpr\u00fcfen<\/b><\/td>\n<td valign=\"top\" width=\"307\">Viele Batterien versagen im Winter ihren Dienst. Damit dies nicht zu einem h\u00f6chst ung\u00fcnstigen Zeitpunkt passiert, sollte die Leistung der Batterie vor Wintereinbruch gepr\u00fcft werden.<\/td>\n<\/tr>\n<tr>\n<td valign=\"top\" width=\"307\"><b>Test der Beleuchtung<\/b><\/td>\n<td valign=\"top\" width=\"307\">Sind alle Lampen intakt? Ist die richtige H\u00f6he bei der Beleuchtung eingestellt? Werden andere Fahrer nicht geblendet und die eigene Sicht ist trotzdem einwandfrei? Dann ist die Beleuchtung winterfest. Sie sollte grunds\u00e4tzlich vor dem Winter gereinigt werden.<\/td>\n<\/tr>\n<tr>\n<td valign=\"top\" width=\"307\"><b>Frostschutz nachf\u00fcllen<\/b><\/td>\n<td valign=\"top\" width=\"307\">Die K\u00fchlfl\u00fcssigkeit und das Wasser f\u00fcr die Waschanlagen sollten nicht einfrieren. Durch das Hinzuf\u00fcgen von Frostschutz wird dies verhindert. Zudem sorgt es f\u00fcr einen guten Durchblick im Winter.<\/td>\n<\/tr>\n<tr>\n<td valign=\"top\" width=\"307\"><b>T\u00fcrschl\u00f6sser sch\u00fctzen<\/b><\/td>\n<td valign=\"top\" width=\"307\">Die T\u00fcrschl\u00f6sser k\u00f6nnen schon vor dem Vereisen behandelt werden. Grafit ist zur Vorbehandlung geeignet. F\u00fcr den Notfall sollte auch T\u00fcrschloss-Enteiser bereitstehen. Dieser muss im B\u00fcro oder im Haushalt aufbewahrt werden.<\/td>\n<\/tr>\n<tr>\n<td valign=\"top\" width=\"307\"><b>Auto-Kit<\/b><\/td>\n<td valign=\"top\" width=\"307\">Im eigenen PKW sollten im Winter auch einige Dinge auf keinen Fall fehlen: Handschuhe, Eiskratzer, eine Decke und etwas zu Trinken falls ein Stau erwartet wird.<\/td>\n<\/tr>\n<tr>\n<td valign=\"top\" width=\"307\"><b>Abdeckfolie bereithalten<\/b><\/td>\n<td valign=\"top\" width=\"307\">Wer sein Auto h\u00e4ufig drau\u00dfen parken muss, der sollte eine Abdeckfolie bereithalten.<\/td>\n<\/tr>\n<\/tbody>\n<\/table>\n<p>&nbsp;<\/p>\n","protected":false},"excerpt":{"rendered":"<p>Noch bevor K\u00e4lte, Eis und Schnee einsetzen, sollte das eigene Auto winterfest gemacht werden. F\u00fcr die eigene Sicherheit und die Sicherheit der anderen Fahrer auf den Stra\u00dfen ist dies ein enorm wichtiger Prozess. H\u00e4ufig machen Autofahrer jedoch nur wenig, um sich auf die kalte Jahreszeit einzustellen. Nicht wenige haben im Anschluss mit den Folgen zu k\u00e4mpfen. Der nachfolgende Ratgeber soll aufzeigen, welche Ma\u00dfnahmen ergriffen werden sollten, damit PKW und Fahrer sicher durch den Winter kommen. [&hellip;]<\/p>\n","protected":false},"author":1,"featured_media":0,"comment_status":"open","ping_status":"open","sticky":false,"template":"","format":"standard","meta":{"footnotes":""},"categories":[11],"tags":[12,42,50],"post_folder":[],"class_list":["post-1474","post","type-post","status-publish","format-standard","hentry","category-verkehr-und-mobilitaet","tag-adac","tag-recht","tag-verkehr"],"_links":{"self":[{"href":"https:\/\/www.die-mitfahrzentrale.de\/en\/wp-json\/wp\/v2\/posts\/1474","targetHints":{"allow":["GET"]}}],"collection":[{"href":"https:\/\/www.die-mitfahrzentrale.de\/en\/wp-json\/wp\/v2\/posts"}],"about":[{"href":"https:\/\/www.die-mitfahrzentrale.de\/en\/wp-json\/wp\/v2\/types\/post"}],"author":[{"embeddable":true,"href":"https:\/\/www.die-mitfahrzentrale.de\/en\/wp-json\/wp\/v2\/users\/1"}],"replies":[{"embeddable":true,"href":"https:\/\/www.die-mitfahrzentrale.de\/en\/wp-json\/wp\/v2\/comments?post=1474"}],"version-history":[{"count":1,"href":"https:\/\/www.die-mitfahrzentrale.de\/en\/wp-json\/wp\/v2\/posts\/1474\/revisions"}],"predecessor-version":[{"id":3353,"href":"https:\/\/www.die-mitfahrzentrale.de\/en\/wp-json\/wp\/v2\/posts\/1474\/revisions\/3353"}],"wp:attachment":[{"href":"https:\/\/www.die-mitfahrzentrale.de\/en\/wp-json\/wp\/v2\/media?parent=1474"}],"wp:term":[{"taxonomy":"category","embeddable":true,"href":"https:\/\/www.die-mitfahrzentrale.de\/en\/wp-json\/wp\/v2\/categories?post=1474"},{"taxonomy":"post_tag","embeddable":true,"href":"https:\/\/www.die-mitfahrzentrale.de\/en\/wp-json\/wp\/v2\/tags?post=1474"},{"taxonomy":"post_folder","embeddable":true,"href":"https:\/\/www.die-mitfahrzentrale.de\/en\/wp-json\/wp\/v2\/post_folder?post=1474"}],"curies":[{"name":"wp","href":"https:\/\/api.w.org\/{rel}","templated":true}]}}