{"id":1467,"date":"2013-12-22T14:53:39","date_gmt":"2013-12-22T13:53:39","guid":{"rendered":"http:\/\/www.die-mitfahrzentrale.de\/?p=1467"},"modified":"2023-08-23T13:48:46","modified_gmt":"2023-08-23T13:48:46","slug":"herzgesteuertes-e-bike-kontrolliert-gesundheit-waehrend-der-fahrt","status":"publish","type":"post","link":"https:\/\/www.die-mitfahrzentrale.de\/en\/herzgesteuertes-e-bike-kontrolliert-gesundheit-waehrend-der-fahrt\/","title":{"rendered":"Herzgesteuertes E-Bike kontrolliert Gesundheit w\u00e4hrend der Fahrt"},"content":{"rendered":"<p>Radfahren ist gesund. Dies trifft auch auf das Fahren mit Tretunterst\u00fctzung zu. Gerade wer gesundheitliche Probleme hat, der kann diese h\u00e4ufig mit Sport beseitigen oder zumindest seine Konstitution verbessern. Aber was wenn die Krankheit durch eine zu gro\u00dfe Anstrengung zu einer Gefahr f\u00fcr das eigene Leben wird. F\u00fcr das E-Bike wurde inzwischen ein Modell entwickelt, welches den Pulsschlag kontrolliert und so vor einer zu gro\u00dfen Belastung sch\u00fctzt.<\/p>\n<h2>Das E-Bike f\u00fcr Menschen mit Herz- und Kreislauferkrankungen<\/h2>\n<p>Radfahren bedeutet Training f\u00fcr Herz und Kreislauf. Wer hier jedoch vorgesch\u00e4digt ist, der muss sich gleichsam vorsehen. Aber deshalb muss noch lange nicht auf das Radfahren verzichtet werden. E-Bikes sind von Haus aus schon f\u00fcr Menschen mit Vorerkrankung und insbesondere auch mit Herzproblemen geeignet. Wem dabei trotzdem die notwendige Sicherheit fehlt, der sollte sich f\u00fcr eins der Modelle entscheiden, die die Kraft des Motors an die eigene Herzfrequenz koppeln. Die E-Bikes erm\u00f6glichen es den unterschiedlichsten Personengruppen in den Genuss des Radfahrens zu kommen. Dabei kann es sich um alte Menschen, \u00dcbergewichtige oder auch Personen mit Herzkrankheit handeln. Schon jetzt ist jedes zehnte verkaufte Rad ein E-Bike. Die Zahlen der Verk\u00e4ufe sind weiterhin ansteigend.<\/p>\n<h2>Wie funktioniert die \u201eHerzsteuerung\u201c des E-Bikes?<\/h2>\n<p>Diese Art des E-Bikes ist besonders auf Personen mit koronarer Herzkrankheit zugeschnitten. Herz-Kreislauf Patienten und Personen in einer Reha nutzen diese Art des Fahrrades. Der Motor wird in Abh\u00e4ngigkeit vom Herzschlag reguliert. So wird eine \u00dcberbelastung des K\u00f6rpers ausgeschlossen und die Gesundheit gew\u00e4hrleistet. Der Herzschlag wird dabei auf einer Frequenz reguliert, die unbedenklich ist. Diese kann am Bordcomputer eingegeben und anschlie\u00dfend fortw\u00e4hrend kontrolliert werden. Beschleunigt sich der Herzschlag, so wird die Unterst\u00fctzung durch den Motor erh\u00f6ht. Befindet sich der Puls hingegen \u201eim gr\u00fcnen Bereich\u201c so kann die eigene Leistung noch gesteigert werden. Auf diesem Wege k\u00f6nnen am Herzen erkrankte Personen etwas f\u00fcr ihre Gesundheit tun.<\/p>\n","protected":false},"excerpt":{"rendered":"<p>Radfahren ist gesund. Dies trifft auch auf das Fahren mit Tretunterst\u00fctzung zu. Gerade wer gesundheitliche Probleme hat, der kann diese h\u00e4ufig mit Sport beseitigen oder zumindest seine Konstitution verbessern. Aber was wenn die Krankheit durch eine zu gro\u00dfe Anstrengung zu einer Gefahr f\u00fcr das eigene Leben wird. F\u00fcr das E-Bike wurde inzwischen ein Modell entwickelt, welches den Pulsschlag kontrolliert und so vor einer zu gro\u00dfen Belastung sch\u00fctzt. Das E-Bike f\u00fcr Menschen mit Herz- und Kreislauferkrankungen [&hellip;]<\/p>\n","protected":false},"author":1,"featured_media":0,"comment_status":"open","ping_status":"open","sticky":false,"template":"","format":"standard","meta":{"footnotes":""},"categories":[10,11],"tags":[26,46,50],"post_folder":[],"class_list":["post-1467","post","type-post","status-publish","format-standard","hentry","category-umweltschutz-und-nachhaltigkeit","category-verkehr-und-mobilitaet","tag-fahrrad","tag-umwelt","tag-verkehr"],"_links":{"self":[{"href":"https:\/\/www.die-mitfahrzentrale.de\/en\/wp-json\/wp\/v2\/posts\/1467","targetHints":{"allow":["GET"]}}],"collection":[{"href":"https:\/\/www.die-mitfahrzentrale.de\/en\/wp-json\/wp\/v2\/posts"}],"about":[{"href":"https:\/\/www.die-mitfahrzentrale.de\/en\/wp-json\/wp\/v2\/types\/post"}],"author":[{"embeddable":true,"href":"https:\/\/www.die-mitfahrzentrale.de\/en\/wp-json\/wp\/v2\/users\/1"}],"replies":[{"embeddable":true,"href":"https:\/\/www.die-mitfahrzentrale.de\/en\/wp-json\/wp\/v2\/comments?post=1467"}],"version-history":[{"count":1,"href":"https:\/\/www.die-mitfahrzentrale.de\/en\/wp-json\/wp\/v2\/posts\/1467\/revisions"}],"predecessor-version":[{"id":3355,"href":"https:\/\/www.die-mitfahrzentrale.de\/en\/wp-json\/wp\/v2\/posts\/1467\/revisions\/3355"}],"wp:attachment":[{"href":"https:\/\/www.die-mitfahrzentrale.de\/en\/wp-json\/wp\/v2\/media?parent=1467"}],"wp:term":[{"taxonomy":"category","embeddable":true,"href":"https:\/\/www.die-mitfahrzentrale.de\/en\/wp-json\/wp\/v2\/categories?post=1467"},{"taxonomy":"post_tag","embeddable":true,"href":"https:\/\/www.die-mitfahrzentrale.de\/en\/wp-json\/wp\/v2\/tags?post=1467"},{"taxonomy":"post_folder","embeddable":true,"href":"https:\/\/www.die-mitfahrzentrale.de\/en\/wp-json\/wp\/v2\/post_folder?post=1467"}],"curies":[{"name":"wp","href":"https:\/\/api.w.org\/{rel}","templated":true}]}}