{"id":1449,"date":"2013-12-30T09:25:28","date_gmt":"2013-12-30T08:25:28","guid":{"rendered":"http:\/\/www.die-mitfahrzentrale.de\/?p=1449"},"modified":"2023-08-23T13:48:45","modified_gmt":"2023-08-23T13:48:45","slug":"kritik-des-carsharing-verbandes-an-den-angeboten-von-herstellern","status":"publish","type":"post","link":"https:\/\/www.die-mitfahrzentrale.de\/en\/kritik-des-carsharing-verbandes-an-den-angeboten-von-herstellern\/","title":{"rendered":"Kritik des Carsharing-Verbandes an den Angeboten von Herstellern"},"content":{"rendered":"<p>Carsharing bietet Autofahrern auf der ganzen Welt eine Alternative zur Anschaffung des eigenen PKWs. Daher wird das Angebot zum Teilen des Autos auch von der Umweltlobby und insbesondere von jungen Autofahrern unterst\u00fctzt. Aber wo liegen eigentlich die Vorteile vom Carsharing begr\u00fcndet? Und warum ist der Bundesverband Carsharing mit einigen Angeboten der Hersteller nicht einverstanden?<\/p>\n<h2>Vorteile des Carsharings aus Sicht der Umwelt<\/h2>\n<p>Carsharing kommt dem \u201egr\u00fcnen Autofahren\u201c falls es so etwas \u00fcberhaupt jemals geben wird, bislang am n\u00e4chsten. Viele Personen teilen sich ein Auto. Dies kann auf die Anschaffung bezogen sein, aber auch auf die Personenanzahl w\u00e4hrend einer Fahrt. Es handelt sich also um ein Prinzip, um die PKWs zu f\u00fcllen und in ihrer Masse von der Stra\u00dfe zu entfernen. Weniger Autos in der Herstellung entlasten die Umwelt dabei ebenso, wie weniger Autos auf der Stra\u00dfe. Auch f\u00fcr die privaten B\u00fcrger hat dies, sofern Carsharing richtig genutzt wird, finanzielle und praktische Vorteile. Die Anschaffungskosten eines eigenen PKWs entfallen. Es muss nicht regelm\u00e4\u00dfig getankt werden. Und moralisch ist es ebenfalls ein gutes Gef\u00fchl, etwas f\u00fcr die Umwelt zu tun.<\/p>\n<h2>Bundesverband Carsharing kontra Herstellerangebote<\/h2>\n<p>Die Hersteller sind nat\u00fcrlich auf einen m\u00f6glichst gro\u00dfen Profit aus. Sie haben sich teilweise das Modell Carsharing geschnappt und f\u00fcr ihre Zwecke zu nutzen versucht. Aber viele Angebote der Hersteller sind nach Angaben des Bundesverbandes Carsharing auf innerst\u00e4dtische Fahrten ausgelegt. Dort tritt schlie\u00dflich eine Konkurrenz zu den ebenfalls umweltfreundlich agierenden \u00f6ffentlichen Verkehrsmitteln ein. Zudem sind diverse Autos nicht f\u00fcr viele Personen ausgelegt, so wird beispielsweise auch Carsharing mit dem Smart betrieben. Neben der geringf\u00fcgigen Kritik wird die Verbreitung des Carsharings grunds\u00e4tzlich wohlwollend be\u00e4ugt. In den Ballungsr\u00e4umen ist bereits ein umfassendes Angebot vorhanden. Was noch fehlt ist eine M\u00f6glichkeit das Konzept Carsharing in die l\u00e4ndlichen und somit schwerer zu erreichenden Gebiete zu bringen.<\/p>\n","protected":false},"excerpt":{"rendered":"<p>Carsharing bietet Autofahrern auf der ganzen Welt eine Alternative zur Anschaffung des eigenen PKWs. Daher wird das Angebot zum Teilen des Autos auch von der Umweltlobby und insbesondere von jungen Autofahrern unterst\u00fctzt. Aber wo liegen eigentlich die Vorteile vom Carsharing begr\u00fcndet? Und warum ist der Bundesverband Carsharing mit einigen Angeboten der Hersteller nicht einverstanden? Vorteile des Carsharings aus Sicht der Umwelt Carsharing kommt dem \u201egr\u00fcnen Autofahren\u201c falls es so etwas \u00fcberhaupt jemals geben wird, bislang [&hellip;]<\/p>\n","protected":false},"author":1,"featured_media":0,"comment_status":"open","ping_status":"open","sticky":false,"template":"","format":"standard","meta":{"footnotes":""},"categories":[10,11],"tags":[25,46,50],"post_folder":[],"class_list":["post-1449","post","type-post","status-publish","format-standard","hentry","category-umweltschutz-und-nachhaltigkeit","category-verkehr-und-mobilitaet","tag-fahrgemeinschaft","tag-umwelt","tag-verkehr"],"_links":{"self":[{"href":"https:\/\/www.die-mitfahrzentrale.de\/en\/wp-json\/wp\/v2\/posts\/1449","targetHints":{"allow":["GET"]}}],"collection":[{"href":"https:\/\/www.die-mitfahrzentrale.de\/en\/wp-json\/wp\/v2\/posts"}],"about":[{"href":"https:\/\/www.die-mitfahrzentrale.de\/en\/wp-json\/wp\/v2\/types\/post"}],"author":[{"embeddable":true,"href":"https:\/\/www.die-mitfahrzentrale.de\/en\/wp-json\/wp\/v2\/users\/1"}],"replies":[{"embeddable":true,"href":"https:\/\/www.die-mitfahrzentrale.de\/en\/wp-json\/wp\/v2\/comments?post=1449"}],"version-history":[{"count":1,"href":"https:\/\/www.die-mitfahrzentrale.de\/en\/wp-json\/wp\/v2\/posts\/1449\/revisions"}],"predecessor-version":[{"id":3352,"href":"https:\/\/www.die-mitfahrzentrale.de\/en\/wp-json\/wp\/v2\/posts\/1449\/revisions\/3352"}],"wp:attachment":[{"href":"https:\/\/www.die-mitfahrzentrale.de\/en\/wp-json\/wp\/v2\/media?parent=1449"}],"wp:term":[{"taxonomy":"category","embeddable":true,"href":"https:\/\/www.die-mitfahrzentrale.de\/en\/wp-json\/wp\/v2\/categories?post=1449"},{"taxonomy":"post_tag","embeddable":true,"href":"https:\/\/www.die-mitfahrzentrale.de\/en\/wp-json\/wp\/v2\/tags?post=1449"},{"taxonomy":"post_folder","embeddable":true,"href":"https:\/\/www.die-mitfahrzentrale.de\/en\/wp-json\/wp\/v2\/post_folder?post=1449"}],"curies":[{"name":"wp","href":"https:\/\/api.w.org\/{rel}","templated":true}]}}