{"id":1438,"date":"2013-11-29T14:34:29","date_gmt":"2013-11-29T13:34:29","guid":{"rendered":"http:\/\/www.die-mitfahrzentrale.de\/?p=1438"},"modified":"2023-08-23T13:48:46","modified_gmt":"2023-08-23T13:48:46","slug":"sind-echte-oder-kuenstliche-weihnachtsbaeume-oekologischer","status":"publish","type":"post","link":"https:\/\/www.die-mitfahrzentrale.de\/en\/sind-echte-oder-kuenstliche-weihnachtsbaeume-oekologischer\/","title":{"rendered":"Sind echte oder k\u00fcnstliche Weihnachtsb\u00e4ume \u00f6kologischer?"},"content":{"rendered":"<p>In vielen Haushalten stehen \u00dcberlegungen zu Weihnachten an. Eine davon k\u00f6nnte lauten, ob der traditionelle Weihnachtsbaum aus \u00f6kologischer Sicht nicht besser gegen einen Plastik-Baum ausgetauscht werden sollte. Aber w\u00e4re diese Variante tats\u00e4chlich \u00f6kologischer? Was ist freundlicher f\u00fcr die Umwelt \u2013 ein chemisch hergestellter Baum oder ein echter, der daf\u00fcr gef\u00e4llt wird?<\/p>\n<h2>Betrachtungen des echten Weihnachtsbaumes<\/h2>\n<p>Damit in der DACH-Region, also in Deutschland, \u00d6sterreich und der Schweiz, in jedem Haushalt wo dies gew\u00fcnscht ist ein Weihnachtsbaum stehen kann, m\u00fcssen pro Jahr ungef\u00e4hr 34 Millionen B\u00e4ume gef\u00e4llt werden. Wie lange es wohl dauern w\u00fcrde all diese B\u00e4ume zu z\u00e4hlen? Schnell sollte ersichtlich werden, dass ohne dieses F\u00e4llen ein imposanter Wald entstehen w\u00fcrde, nat\u00fcrlich nur wenn s\u00e4mtliche Weihnachtsb\u00e4ume auf einem Fleck wachsen w\u00fcrden. Diese Weihnachtsb\u00e4ume, welche zusammen einen ganzen Wald ausmachen, wirken sich nat\u00fcrlich positiv auf das Weltklima aus.<\/p>\n<h2>Betrachtung des k\u00fcnstlichen Weihnachtsbaumes<\/h2>\n<p>W\u00e4hrend echte Weihnachtsb\u00e4ume h\u00e4ufig in der eigenen Gegend angebaut und gef\u00e4llt werden, haben die Weihnachtsb\u00e4ume aus Plastik meist eine l\u00e4ngere Fahrt aus China hinter sich. Allein der Transport belastet bereits die Umwelt. Auch die Herstellung verl\u00e4uft weit weniger \u00f6kologisch als das F\u00e4llen eines echten Baumes. Die Herstellung verl\u00e4uft zudem \u00fcber Polyvinylchlorid, welcher aus Erd\u00f6l gewonnen wird. Echte B\u00e4ume m\u00fcssen nicht gef\u00e4llt werden. Die K\u00fcnstlichen belasten das Klima aber ebenso.<\/p>\n<h2>Abschlie\u00dfende Belastung des Weihnachtsbaum-Dilemmas<\/h2>\n<p>Echte B\u00e4ume m\u00fcssen gef\u00e4llt werden, k\u00fcnstliche werden in einem chemischen Verfahren hergestellt und um die halbe Welt transportiert. Ist die Konsequenz aus diesem Wissen, dass am besten gar kein Weihnachtsbaum mehr aufgestellt wird? Kinder und Erwachsene w\u00e4ren gleicherma\u00dfen traurig. Echte Weihnachtsb\u00e4ume haben aber einen gro\u00dfen Vorteil. Sie werden auf extra daf\u00fcr angelegten Bereichen gepflanzt und gef\u00e4llt. Da der Weihnachtsbaumverkauf aber auch im kommenden Jahr erneut beginnt, wird immer f\u00fcr einen Nachschub an Weihnachtsb\u00e4umen gesorgt. Auch dieses st\u00e4ndige Nachz\u00fcchten der B\u00e4ume wirkt sich positiv auf die Umwelt aus. Nach einer Studie des Springer-Verlages sind Weihnachtsb\u00e4ume aus Plastik erst dann \u00f6kologischer, wenn diese \u00fcber 20 Jahre genutzt werden. In der Regel werden diese jedoch nach sechs Jahren ausgetauscht.<\/p>\n","protected":false},"excerpt":{"rendered":"<p>In vielen Haushalten stehen \u00dcberlegungen zu Weihnachten an. Eine davon k\u00f6nnte lauten, ob der traditionelle Weihnachtsbaum aus \u00f6kologischer Sicht nicht besser gegen einen Plastik-Baum ausgetauscht werden sollte. Aber w\u00e4re diese Variante tats\u00e4chlich \u00f6kologischer? Was ist freundlicher f\u00fcr die Umwelt \u2013 ein chemisch hergestellter Baum oder ein echter, der daf\u00fcr gef\u00e4llt wird? Betrachtungen des echten Weihnachtsbaumes Damit in der DACH-Region, also in Deutschland, \u00d6sterreich und der Schweiz, in jedem Haushalt wo dies gew\u00fcnscht ist ein Weihnachtsbaum [&hellip;]<\/p>\n","protected":false},"author":1,"featured_media":0,"comment_status":"open","ping_status":"open","sticky":false,"template":"","format":"standard","meta":{"footnotes":""},"categories":[10],"tags":[46],"post_folder":[],"class_list":["post-1438","post","type-post","status-publish","format-standard","hentry","category-umweltschutz-und-nachhaltigkeit","tag-umwelt"],"_links":{"self":[{"href":"https:\/\/www.die-mitfahrzentrale.de\/en\/wp-json\/wp\/v2\/posts\/1438","targetHints":{"allow":["GET"]}}],"collection":[{"href":"https:\/\/www.die-mitfahrzentrale.de\/en\/wp-json\/wp\/v2\/posts"}],"about":[{"href":"https:\/\/www.die-mitfahrzentrale.de\/en\/wp-json\/wp\/v2\/types\/post"}],"author":[{"embeddable":true,"href":"https:\/\/www.die-mitfahrzentrale.de\/en\/wp-json\/wp\/v2\/users\/1"}],"replies":[{"embeddable":true,"href":"https:\/\/www.die-mitfahrzentrale.de\/en\/wp-json\/wp\/v2\/comments?post=1438"}],"version-history":[{"count":1,"href":"https:\/\/www.die-mitfahrzentrale.de\/en\/wp-json\/wp\/v2\/posts\/1438\/revisions"}],"predecessor-version":[{"id":3362,"href":"https:\/\/www.die-mitfahrzentrale.de\/en\/wp-json\/wp\/v2\/posts\/1438\/revisions\/3362"}],"wp:attachment":[{"href":"https:\/\/www.die-mitfahrzentrale.de\/en\/wp-json\/wp\/v2\/media?parent=1438"}],"wp:term":[{"taxonomy":"category","embeddable":true,"href":"https:\/\/www.die-mitfahrzentrale.de\/en\/wp-json\/wp\/v2\/categories?post=1438"},{"taxonomy":"post_tag","embeddable":true,"href":"https:\/\/www.die-mitfahrzentrale.de\/en\/wp-json\/wp\/v2\/tags?post=1438"},{"taxonomy":"post_folder","embeddable":true,"href":"https:\/\/www.die-mitfahrzentrale.de\/en\/wp-json\/wp\/v2\/post_folder?post=1438"}],"curies":[{"name":"wp","href":"https:\/\/api.w.org\/{rel}","templated":true}]}}