{"id":1432,"date":"2013-11-24T08:26:24","date_gmt":"2013-11-24T07:26:24","guid":{"rendered":"http:\/\/www.die-mitfahrzentrale.de\/?p=1432"},"modified":"2023-08-23T13:48:46","modified_gmt":"2023-08-23T13:48:46","slug":"aendern-sich-die-mobilitaetsgewohnheiten-der-menschen-dauerhaft","status":"publish","type":"post","link":"https:\/\/www.die-mitfahrzentrale.de\/en\/aendern-sich-die-mobilitaetsgewohnheiten-der-menschen-dauerhaft\/","title":{"rendered":"\u00c4ndern sich die Mobilit\u00e4tsgewohnheiten der Menschen dauerhaft?"},"content":{"rendered":"<p>Menschen fahren zur Arbeit, fahren zur Familie und fahren in den Urlaub. Das Auto ist dabei schon seit Jahren kaum zu ersetzen. Es kann derzeit jedoch ein Trend festgestellt werden, dass das Auto h\u00e4ufiger einmal stehengelassen wird. Es gibt immer weniger Autobesitzer im Alter bis 25 Jahren. Hier stellt sich die Frage, warum \u00e4ndert sich das Mobilit\u00e4tsverhalten dieser jungen Menschen?<\/p>\n<h2>Warum haben junge Menschen ein anderes Mobilit\u00e4tsverhalten?<\/h2>\n<p>Es gibt mehr als nur einen Grund, der zur grunds\u00e4tzlichen \u00c4nderung des Mobilit\u00e4tsverhaltens f\u00fchrt. Nachfolgend werden f\u00fcnf Hauptfaktoren aufgef\u00fchrt.<\/p>\n<ol>\n<li>Umweltbewusstsein: Die jungen Menschen entwickeln Verantwortungsbewusstsein f\u00fcr den Planeten Erde. Autos sind Umweltverschmutzer, sie verursachen CO2 und werden daher gemieden. Alternative PKWs, wie das Elektroauto, stellen eine weitere M\u00f6glichkeit dar Verantwortung zu zeigen.<\/li>\n<li>Technologie: Auch die Technik ist f\u00fcr eine weit weniger ausgepr\u00e4gte Mobilit\u00e4t bei jungen Menschen verantwortlich. Konferenzen k\u00f6nnen \u00fcber das Web abgehalten werden. Diverse Arbeitspl\u00e4tze haben sich vollst\u00e4ndig in das Homeoffice verlagert. Es ist anzunehmen, dass sich dieser Trend noch weiter fortsetzt.<\/li>\n<li>Bev\u00f6lkerungsstruktur: Die Menschen f\u00fchlen sich von den St\u00e4dten angezogen. Gro\u00dfe Metropolen werden immer gr\u00f6\u00dfer, D\u00f6rfer bleiben in ihrer Entwicklung zur\u00fcck. Wer in einer Stadt wohnt, der kann aber auch leichter auf \u00f6ffentliche Verkehrsmittel oder Carsharing zur\u00fcckgreifen und ben\u00f6tigt nicht zwingend einen eigenen PKW. St\u00e4dtisches Carsharing kann nach Angaben des Umweltbundesamtes ungef\u00e4hr 5 \u2013 8 private Autos ersetzen.<\/li>\n<li>Statussymbol: Das Auto hat seinen Reiz als Statussymbol verloren. In einer anderen Generation haben sich wesentlich mehr Personen \u00fcber ihren PKW profiliert, als dies heutzutage der Fall ist. Junge Menschen machen ihr Selbstwertgef\u00fchl weniger von ihrem Auto abh\u00e4ngig.<\/li>\n<li>Spritpreise: Die steigenden Kosten bei der Betankung des Autos haben ebenfalls dazu gef\u00fchrt, dass es weniger junge Autofahrer gibt. Es wird sich nach kosteng\u00fcnstigeren Alternativen umgesehen, welche das Bankkonto entlasten und zudem die Umwelt schont.<\/li>\n<\/ol>\n","protected":false},"excerpt":{"rendered":"<p>Menschen fahren zur Arbeit, fahren zur Familie und fahren in den Urlaub. Das Auto ist dabei schon seit Jahren kaum zu ersetzen. Es kann derzeit jedoch ein Trend festgestellt werden, dass das Auto h\u00e4ufiger einmal stehengelassen wird. Es gibt immer weniger Autobesitzer im Alter bis 25 Jahren. Hier stellt sich die Frage, warum \u00e4ndert sich das Mobilit\u00e4tsverhalten dieser jungen Menschen? Warum haben junge Menschen ein anderes Mobilit\u00e4tsverhalten? Es gibt mehr als nur einen Grund, der [&hellip;]<\/p>\n","protected":false},"author":1,"featured_media":0,"comment_status":"open","ping_status":"open","sticky":false,"template":"","format":"standard","meta":{"footnotes":""},"categories":[11],"tags":[25,46,50],"post_folder":[],"class_list":["post-1432","post","type-post","status-publish","format-standard","hentry","category-verkehr-und-mobilitaet","tag-fahrgemeinschaft","tag-umwelt","tag-verkehr"],"_links":{"self":[{"href":"https:\/\/www.die-mitfahrzentrale.de\/en\/wp-json\/wp\/v2\/posts\/1432","targetHints":{"allow":["GET"]}}],"collection":[{"href":"https:\/\/www.die-mitfahrzentrale.de\/en\/wp-json\/wp\/v2\/posts"}],"about":[{"href":"https:\/\/www.die-mitfahrzentrale.de\/en\/wp-json\/wp\/v2\/types\/post"}],"author":[{"embeddable":true,"href":"https:\/\/www.die-mitfahrzentrale.de\/en\/wp-json\/wp\/v2\/users\/1"}],"replies":[{"embeddable":true,"href":"https:\/\/www.die-mitfahrzentrale.de\/en\/wp-json\/wp\/v2\/comments?post=1432"}],"version-history":[{"count":1,"href":"https:\/\/www.die-mitfahrzentrale.de\/en\/wp-json\/wp\/v2\/posts\/1432\/revisions"}],"predecessor-version":[{"id":3364,"href":"https:\/\/www.die-mitfahrzentrale.de\/en\/wp-json\/wp\/v2\/posts\/1432\/revisions\/3364"}],"wp:attachment":[{"href":"https:\/\/www.die-mitfahrzentrale.de\/en\/wp-json\/wp\/v2\/media?parent=1432"}],"wp:term":[{"taxonomy":"category","embeddable":true,"href":"https:\/\/www.die-mitfahrzentrale.de\/en\/wp-json\/wp\/v2\/categories?post=1432"},{"taxonomy":"post_tag","embeddable":true,"href":"https:\/\/www.die-mitfahrzentrale.de\/en\/wp-json\/wp\/v2\/tags?post=1432"},{"taxonomy":"post_folder","embeddable":true,"href":"https:\/\/www.die-mitfahrzentrale.de\/en\/wp-json\/wp\/v2\/post_folder?post=1432"}],"curies":[{"name":"wp","href":"https:\/\/api.w.org\/{rel}","templated":true}]}}