{"id":1364,"date":"2013-10-22T14:32:11","date_gmt":"2013-10-22T12:32:11","guid":{"rendered":"http:\/\/www.die-mitfahrzentrale.de\/?p=1364"},"modified":"2023-08-23T13:48:48","modified_gmt":"2023-08-23T13:48:48","slug":"bahn-will-carsharing-angebot-ausweiten","status":"publish","type":"post","link":"https:\/\/www.die-mitfahrzentrale.de\/en\/bahn-will-carsharing-angebot-ausweiten\/","title":{"rendered":"Bahn will Carsharing-Angebot ausweiten"},"content":{"rendered":"<p>Der Carsharing-Boom hat seinen H\u00f6hepunkt noch l\u00e4ngst nicht erreicht. Immer mehr Anbieter schie\u00dfen wie Pilze aus dem Boden. Au\u00dferdem sind bestehende Unternehmen darum bem\u00fcht ihren Service und ihr Angebot auszuweiten. Auch die Bahn ist mit ihrer Plattform Flinkster schon seit l\u00e4ngerer Zeit im Sektor Carsharing aktiv. Auch hier soll es Planungen geben, den Service f\u00fcr die Kunden zu erweitern.<\/p>\n<h2>Die Bahn erweitert Flinkster um privates Carsharing<\/h2>\n<p>\u00dcber das private Vermieten von Autos gab es schon viel Gerede. Dass ein gro\u00dfer Konzern wie die Bahn sich f\u00fcr dieses Projekt stark macht, spricht eine deutliche Sprache. Nat\u00fcrlich ist das Unternehmen auch auf die eigenen Vorteile bedacht. Flinkster steht in Konkurrenz mit anderen Carsharing-Anbietern und soll hinter diesen nicht zur\u00fcckstehen. Daher sollen neben den Flinkster Carsharing-PKWs auch Privat-PKWs vermietet werden.<\/p>\n<p>Das Projekt befindet sich noch in der Planung und dennoch k\u00f6nnte alles ganz schnell gehen. Die Ziele der Bahn sehen vor, dass sp\u00e4testens zu Beginn des Jahres 2014 auch private Autos vermietet werden sollen. Es wird aber explizit nicht ausgeschlossen, dass dieser Schritt noch in diesem Jahr vollzogen wird.<\/p>\n<h2>Vorteile f\u00fcr Autofahrer mit wenigen Kilometern<\/h2>\n<p>Wer seinen PKW im Jahr nur wenig bewegt, aber nicht m\u00f6chte, dass dieser nur herumsteht, der kann ihn f\u00fcr das private Carsharing freigeben. Der Verleiher bekommt eine kleine Geb\u00fchr gutgeschrieben. Die Bahn plant hierbei eine Provision pro Stunde zu verlangen. \u00dcber die H\u00f6he der Kosten wurde bislang nicht bekannt.<\/p>\n<p>Aber der Grundgedanke pro Stunde ein Auto zu vermieten, wird auch von anderen Carsharing-Plattformen, wie Autonetzer, aufgenommen. Bei diesem Angebot wird gleichzeitig eine Versicherung f\u00fcr den gemieteten PKW mit ver\u00e4u\u00dfert. Bislang war dies bei der Bahn nicht notwendig, da die PKWs von Flinkster nur an bestimmten Stationen gemietet und abgestellt werden konnten. Diese Autos sind jedoch alle im Besitz der Bahn. Dies wird sich mit der Einf\u00fchrung des neuen Projektes \u00e4ndern.<\/p>\n","protected":false},"excerpt":{"rendered":"<p>Der Carsharing-Boom hat seinen H\u00f6hepunkt noch l\u00e4ngst nicht erreicht. Immer mehr Anbieter schie\u00dfen wie Pilze aus dem Boden. Au\u00dferdem sind bestehende Unternehmen darum bem\u00fcht ihren Service und ihr Angebot auszuweiten. Auch die Bahn ist mit ihrer Plattform Flinkster schon seit l\u00e4ngerer Zeit im Sektor Carsharing aktiv. Auch hier soll es Planungen geben, den Service f\u00fcr die Kunden zu erweitern. Die Bahn erweitert Flinkster um privates Carsharing \u00dcber das private Vermieten von Autos gab es schon [&hellip;]<\/p>\n","protected":false},"author":1,"featured_media":0,"comment_status":"open","ping_status":"open","sticky":false,"template":"","format":"standard","meta":{"footnotes":""},"categories":[10,11],"tags":[17,25,50],"post_folder":[],"class_list":["post-1364","post","type-post","status-publish","format-standard","hentry","category-umweltschutz-und-nachhaltigkeit","category-verkehr-und-mobilitaet","tag-bahn","tag-fahrgemeinschaft","tag-verkehr"],"_links":{"self":[{"href":"https:\/\/www.die-mitfahrzentrale.de\/en\/wp-json\/wp\/v2\/posts\/1364","targetHints":{"allow":["GET"]}}],"collection":[{"href":"https:\/\/www.die-mitfahrzentrale.de\/en\/wp-json\/wp\/v2\/posts"}],"about":[{"href":"https:\/\/www.die-mitfahrzentrale.de\/en\/wp-json\/wp\/v2\/types\/post"}],"author":[{"embeddable":true,"href":"https:\/\/www.die-mitfahrzentrale.de\/en\/wp-json\/wp\/v2\/users\/1"}],"replies":[{"embeddable":true,"href":"https:\/\/www.die-mitfahrzentrale.de\/en\/wp-json\/wp\/v2\/comments?post=1364"}],"version-history":[{"count":2,"href":"https:\/\/www.die-mitfahrzentrale.de\/en\/wp-json\/wp\/v2\/posts\/1364\/revisions"}],"predecessor-version":[{"id":3378,"href":"https:\/\/www.die-mitfahrzentrale.de\/en\/wp-json\/wp\/v2\/posts\/1364\/revisions\/3378"}],"wp:attachment":[{"href":"https:\/\/www.die-mitfahrzentrale.de\/en\/wp-json\/wp\/v2\/media?parent=1364"}],"wp:term":[{"taxonomy":"category","embeddable":true,"href":"https:\/\/www.die-mitfahrzentrale.de\/en\/wp-json\/wp\/v2\/categories?post=1364"},{"taxonomy":"post_tag","embeddable":true,"href":"https:\/\/www.die-mitfahrzentrale.de\/en\/wp-json\/wp\/v2\/tags?post=1364"},{"taxonomy":"post_folder","embeddable":true,"href":"https:\/\/www.die-mitfahrzentrale.de\/en\/wp-json\/wp\/v2\/post_folder?post=1364"}],"curies":[{"name":"wp","href":"https:\/\/api.w.org\/{rel}","templated":true}]}}