{"id":1359,"date":"2013-10-16T14:54:34","date_gmt":"2013-10-16T12:54:34","guid":{"rendered":"http:\/\/www.die-mitfahrzentrale.de\/?p=1359"},"modified":"2023-08-23T13:48:48","modified_gmt":"2023-08-23T13:48:48","slug":"mit-carsharing-unterhaltskosten-an-dritte-weitergeben","status":"publish","type":"post","link":"https:\/\/www.die-mitfahrzentrale.de\/en\/mit-carsharing-unterhaltskosten-an-dritte-weitergeben\/","title":{"rendered":"Mit Carsharing Unterhaltskosten an Dritte weitergeben"},"content":{"rendered":"<p>Aktuell wird viel \u00fcber die Klage des Bundesverbands der Autovermieter Deutschlands (BAV) gegen das Carsharing-Projekt Autonetzer aus Stuttgart berichtet. Die Vorw\u00fcrfe betreffen insbesondere die Sicherheit dieser privat vermieteten Autos. Aber geht es nicht doch eher darum die Konkurrenz zu sch\u00e4digen, ja vielleicht sogar zu unterbinden?<\/p>\n<h2>Was versprechen sich Personen die ihr Auto zum Carsharing bereitstellen?<\/h2>\n<p>Neben dem Gedanken die Umwelt zu schonen, sind es finanzielle Gr\u00fcnde, die als Antrieb f\u00fcr die private Verleihung von PKWs fungieren. Denn nicht zuletzt verursacht ein Auto Kosten. Es verliert \u00fcber die Jahre an wert, muss getankt, versichert und repariert werden. Zudem steht der T\u00dcV in regelm\u00e4\u00dfigen Abst\u00e4nden an.<\/p>\n<p>Einen Teil dieser Kosten an Dritte weiterzugeben, indem das Auto zur Verf\u00fcgung gestellt wird, erscheint vielen als sinnvoller Kompromiss. Es werden Einnahmen erzielt, wenn auch nicht im gro\u00dfen Stil. Aber es hilft trotzdem die Kosten des eigenen PKWs zu reduzieren.<\/p>\n<h2>Sind die Einnahmen der Streitpunkt um das Carsharing?<\/h2>\n<p>Carsharing ist ein Projekt, welches von der jungen Generation angenommen wird. Es schont die Umwelt, reduziert die Kosten und bringt einem oftmals auch mit netten Leuten in Kontakt. Aber Carsharing hat auch sehr viel Konkurrenz. Taxiunternehmen, Mietwagen und weitere Transportgelegenheiten sind hier zu nennen. Hinter diesen Unternehmen steckt eine Menge Kapital. Die Betreiber beginnen anscheinend zu merken, dass ihr Umsatz durch Carsharing so langsam schwindet.<\/p>\n<p>Ist dies der wirkliche Grund f\u00fcr die Klage gegen Autonetzer? Gewinnstreben ist nicht das Kernziel von Carsharing. Auf die anderen Unternehmen trifft dies nat\u00fcrlich zu. Es h\u00e4ngen schlie\u00dflich auch Arbeitspl\u00e4tze an diesen Firmen. Schlussendlich ist es aber das Profitstreben, welches dem Projekt Carsharing fehlt, f\u00fcr die anderen Transportunternehmen aber essenziell ist, welches hier zum Streitpunkt wird.<\/p>\n<p>Autonetzer bleibt trotz der Klage gelassen, da diese nach eigener Aussage nur \u201egeringe Chancen auf Erfolg\u201c hat. In diesem unwahrscheinlichen Fall, k\u00f6nnten aber viele Carsharing-Anbieter vor dem Ende stehen.<\/p>\n","protected":false},"excerpt":{"rendered":"<p>Aktuell wird viel \u00fcber die Klage des Bundesverbands der Autovermieter Deutschlands (BAV) gegen das Carsharing-Projekt Autonetzer aus Stuttgart berichtet. Die Vorw\u00fcrfe betreffen insbesondere die Sicherheit dieser privat vermieteten Autos. Aber geht es nicht doch eher darum die Konkurrenz zu sch\u00e4digen, ja vielleicht sogar zu unterbinden? Was versprechen sich Personen die ihr Auto zum Carsharing bereitstellen? Neben dem Gedanken die Umwelt zu schonen, sind es finanzielle Gr\u00fcnde, die als Antrieb f\u00fcr die private Verleihung von PKWs [&hellip;]<\/p>\n","protected":false},"author":1,"featured_media":0,"comment_status":"open","ping_status":"open","sticky":false,"template":"","format":"standard","meta":{"footnotes":""},"categories":[7,11],"tags":[46,50],"post_folder":[],"class_list":["post-1359","post","type-post","status-publish","format-standard","hentry","category-recht-und-politik","category-verkehr-und-mobilitaet","tag-umwelt","tag-verkehr"],"_links":{"self":[{"href":"https:\/\/www.die-mitfahrzentrale.de\/en\/wp-json\/wp\/v2\/posts\/1359","targetHints":{"allow":["GET"]}}],"collection":[{"href":"https:\/\/www.die-mitfahrzentrale.de\/en\/wp-json\/wp\/v2\/posts"}],"about":[{"href":"https:\/\/www.die-mitfahrzentrale.de\/en\/wp-json\/wp\/v2\/types\/post"}],"author":[{"embeddable":true,"href":"https:\/\/www.die-mitfahrzentrale.de\/en\/wp-json\/wp\/v2\/users\/1"}],"replies":[{"embeddable":true,"href":"https:\/\/www.die-mitfahrzentrale.de\/en\/wp-json\/wp\/v2\/comments?post=1359"}],"version-history":[{"count":2,"href":"https:\/\/www.die-mitfahrzentrale.de\/en\/wp-json\/wp\/v2\/posts\/1359\/revisions"}],"predecessor-version":[{"id":3382,"href":"https:\/\/www.die-mitfahrzentrale.de\/en\/wp-json\/wp\/v2\/posts\/1359\/revisions\/3382"}],"wp:attachment":[{"href":"https:\/\/www.die-mitfahrzentrale.de\/en\/wp-json\/wp\/v2\/media?parent=1359"}],"wp:term":[{"taxonomy":"category","embeddable":true,"href":"https:\/\/www.die-mitfahrzentrale.de\/en\/wp-json\/wp\/v2\/categories?post=1359"},{"taxonomy":"post_tag","embeddable":true,"href":"https:\/\/www.die-mitfahrzentrale.de\/en\/wp-json\/wp\/v2\/tags?post=1359"},{"taxonomy":"post_folder","embeddable":true,"href":"https:\/\/www.die-mitfahrzentrale.de\/en\/wp-json\/wp\/v2\/post_folder?post=1359"}],"curies":[{"name":"wp","href":"https:\/\/api.w.org\/{rel}","templated":true}]}}