{"id":1339,"date":"2013-09-28T07:50:09","date_gmt":"2013-09-28T05:50:09","guid":{"rendered":"http:\/\/www.die-mitfahrzentrale.de\/?p=1339"},"modified":"2023-08-23T13:48:48","modified_gmt":"2023-08-23T13:48:48","slug":"weltklimarat-veroeffentlicht-neuen-bericht-zum-klimawandel","status":"publish","type":"post","link":"https:\/\/www.die-mitfahrzentrale.de\/en\/weltklimarat-veroeffentlicht-neuen-bericht-zum-klimawandel\/","title":{"rendered":"Weltklimarat ver\u00f6ffentlicht neuen Bericht zum Klimawandel"},"content":{"rendered":"<p>Die Erderw\u00e4rmung ist das Thema von 259 Autoren aus 39 L\u00e4ndern. Es wurden Studien durchgearbeitet, teilweise mit der Unterst\u00fctzung von Forschern. Auf Basis dieses Wissens konnte jetzt der f\u00fcnfte Bericht des Uno-Klimarates vorgelegt werden. Es handelt sich um eine Ausarbeitung mit gut 2.000 Seiten. F\u00fcr die Politik wurde das Werk auf 36 Seiten zusammengefasst.<\/p>\n<h2>Ergebnisse des Klimaberichts \u2013 \u00dcbersicht<\/h2>\n<p>In den vergangenen zehn Jahren des 21. Jahrhundert wurden bereits mehr Temperaturrekorde gebrochen, als in den Jahrzehnten zuvor. Der Aussto\u00df an Kohlendioxid, aber auch von Lachgas hat sich erh\u00f6ht. Beim \u201eHauptsch\u00e4dling\u201c Methan seit Beginn der Industrialisierung sogar um 150 Prozent. Ziel sei es die Erderw\u00e4rmung auf 2 Grad Celsius bis in das Jahr 2100 zu begrenzen. Diese Steigerung w\u00fcrde bereits f\u00fcr mehr D\u00fcrren, \u00dcberschwemmungen und weitere Naturkatastrophen sorgen.<\/p>\n<p>Extreme werden grunds\u00e4tzlich zunehmen. Wo es derzeit schon viel regnet, wird sich noch mehr Niederschlag ereignen. Gebiete die h\u00e4ufig unter einer D\u00fcrre leiden, werden noch weniger Regen bekommen. Auch die Geschwindigkeit der Eisschmelze hat um ein Vielfaches zugenommen. Der Meeresspiegel ist in den vergangenen 109 Jahren um 19 Zentimeter angestiegen. Je nach Szenario erh\u00f6ht sich der Meeresspiegel bis in das Jahr 2100 um 26 bis 98 Zentimeter.<\/p>\n<h2>Der Einfluss des Menschen auf den Klimawandel<\/h2>\n<p>Viele Leute haben die Erw\u00e4rmung der Erde grunds\u00e4tzlich auf den Menschen zur\u00fcckgef\u00fchrt. Tats\u00e4chlich gab es dazu jedoch nur Indizien. In 2007 hie\u00df es noch, dass der Mensch die Erderw\u00e4rmung sehr wahrscheinlich mitverursacht. Jetzt haben die Forscher diesen Status auf \u201eMit aller gr\u00f6\u00dfter Wahrscheinlichkeit\u201c aufgewertet. Dies bedeutet, dass die Annahme Menschen w\u00fcrden mit f\u00fcr die Erderw\u00e4rmung verantwortlich sein, auf \u00fcber 50 Prozent gestiegen ist.<\/p>\n<p>Aber die Menschheit kann auch entgegenwirken. Daher ist es wichtig, dass die Politik diesen Bericht in ihren Planungen ber\u00fccksichtigt. Im Klimagipfel 2015 in Paris werden diese Daten ausgewertet werden. Ziel ist ein Weltklimaabkommen, um die Erderw\u00e4rmung in Grenzen zu halten.<\/p>\n","protected":false},"excerpt":{"rendered":"<p>Die Erderw\u00e4rmung ist das Thema von 259 Autoren aus 39 L\u00e4ndern. Es wurden Studien durchgearbeitet, teilweise mit der Unterst\u00fctzung von Forschern. Auf Basis dieses Wissens konnte jetzt der f\u00fcnfte Bericht des Uno-Klimarates vorgelegt werden. Es handelt sich um eine Ausarbeitung mit gut 2.000 Seiten. F\u00fcr die Politik wurde das Werk auf 36 Seiten zusammengefasst. Ergebnisse des Klimaberichts \u2013 \u00dcbersicht In den vergangenen zehn Jahren des 21. Jahrhundert wurden bereits mehr Temperaturrekorde gebrochen, als in den [&hellip;]<\/p>\n","protected":false},"author":1,"featured_media":0,"comment_status":"open","ping_status":"open","sticky":false,"template":"","format":"standard","meta":{"footnotes":""},"categories":[10],"tags":[46],"post_folder":[],"class_list":["post-1339","post","type-post","status-publish","format-standard","hentry","category-umweltschutz-und-nachhaltigkeit","tag-umwelt"],"_links":{"self":[{"href":"https:\/\/www.die-mitfahrzentrale.de\/en\/wp-json\/wp\/v2\/posts\/1339","targetHints":{"allow":["GET"]}}],"collection":[{"href":"https:\/\/www.die-mitfahrzentrale.de\/en\/wp-json\/wp\/v2\/posts"}],"about":[{"href":"https:\/\/www.die-mitfahrzentrale.de\/en\/wp-json\/wp\/v2\/types\/post"}],"author":[{"embeddable":true,"href":"https:\/\/www.die-mitfahrzentrale.de\/en\/wp-json\/wp\/v2\/users\/1"}],"replies":[{"embeddable":true,"href":"https:\/\/www.die-mitfahrzentrale.de\/en\/wp-json\/wp\/v2\/comments?post=1339"}],"version-history":[{"count":2,"href":"https:\/\/www.die-mitfahrzentrale.de\/en\/wp-json\/wp\/v2\/posts\/1339\/revisions"}],"predecessor-version":[{"id":3396,"href":"https:\/\/www.die-mitfahrzentrale.de\/en\/wp-json\/wp\/v2\/posts\/1339\/revisions\/3396"}],"wp:attachment":[{"href":"https:\/\/www.die-mitfahrzentrale.de\/en\/wp-json\/wp\/v2\/media?parent=1339"}],"wp:term":[{"taxonomy":"category","embeddable":true,"href":"https:\/\/www.die-mitfahrzentrale.de\/en\/wp-json\/wp\/v2\/categories?post=1339"},{"taxonomy":"post_tag","embeddable":true,"href":"https:\/\/www.die-mitfahrzentrale.de\/en\/wp-json\/wp\/v2\/tags?post=1339"},{"taxonomy":"post_folder","embeddable":true,"href":"https:\/\/www.die-mitfahrzentrale.de\/en\/wp-json\/wp\/v2\/post_folder?post=1339"}],"curies":[{"name":"wp","href":"https:\/\/api.w.org\/{rel}","templated":true}]}}