{"id":1322,"date":"2013-09-08T14:23:34","date_gmt":"2013-09-08T12:23:34","guid":{"rendered":"http:\/\/www.die-mitfahrzentrale.de\/?p=1322"},"modified":"2023-08-23T13:48:49","modified_gmt":"2023-08-23T13:48:49","slug":"bundestagswahl-spezial-wie-stehen-die-parteien-zur-energiewende","status":"publish","type":"post","link":"https:\/\/www.die-mitfahrzentrale.de\/en\/bundestagswahl-spezial-wie-stehen-die-parteien-zur-energiewende\/","title":{"rendered":"Bundestagswahl Spezial \u2013 Wie stehen die Parteien zur Energiewende?"},"content":{"rendered":"<p>Am 22. September 2013 finden die Wahlen zum 18. Deutschen Bundestag statt. Die Wahlbeteiligung hat sich \u00fcber die letzten Jahre immer weiter verschlechtert. Dabei gibt es sehr viele gute Gr\u00fcnde sich durch die Wahl in der Politik zu beteiligen. Die unterschiedlichen Parteien haben ihr Wahlprogramm aufgestellt und hoffen jetzt auf die Stimmen der B\u00fcrger. Bez\u00fcglich der Energiewende haben wir versucht die Kernaussagen zusammenzufassen.<\/p>\n<h2>Was streben die Parteien in Bezug auf die Reform der Energiewende an?<\/h2>\n<p><b>CDU\/CSU<\/b> \u2013 Es soll nicht dauerhaft auf eine gro\u00dfangelegte Mischung zwischen Kohle- und Gaskraftwerken, sowie dem \u00d6kostrom gelegt werden. Durch die Erforschung von Speichermethoden sollen regenerative Energien l\u00e4nger nutzbar sein. Zudem soll der Ausbau des Netzes weiter vorangetrieben werden. Der Anteil an \u00d6kostrom soll bis in das Jahr 2020 auf 35 Prozent ansteigen.<\/p>\n<p><b>FDP<\/b> \u2013 Die 35 Prozent H\u00fcrde m\u00f6chte auch die FDP bis ins Jahr 2020 knacken. Aber es wird auch Wert auf die Absicherung der B\u00fcrger gelegt. In Zeiten ohne Sonne und Wind, sollen Gas- und Kohlekraftwerke vorhanden sein, welche die Stromengp\u00e4sse auffangen. Es sollen Pr\u00e4mien ausgelobt werden, f\u00fcr garantiert bereitgestellte Leistungen.<\/p>\n<p><b>Die Gr\u00fcnen<\/b> \u2013 Mit dem ehrgeizigen Ziel den Ausbau der regenerativen Energien voranzutreiben, um bis in das Jahr 2030 eine zu 100 Prozent gr\u00fcne Stromversorgung zu erreichen, gehen die Gr\u00fcnen in den Wahlkampf. Zehn Jahre sp\u00e4ter sollen sogar der Verkehr und die Versorgung mit W\u00e4rme \u00fcber den \u00d6kostrom gew\u00e4hrleistet sein. Kohlekraft soll immer mehr verringert und schlie\u00dflich eingestellt werden. Zudem soll der Ausbau des Netzes vorangetrieben werden. Diese Ziele sollen trotz steigender Kosten durchgesetzt werden.<\/p>\n<p><b>Die Linke<\/b> \u2013 Mehr Macht f\u00fcr die Stadtwerke und Versorger werden gefordert. Die Stromkonzerne sollen weniger Freiheiten erhalten. Auch hier soll ein Gesetz zum Ausstieg aus der Kohleenergie angestrebt werden. Bis 2020 sollen 50 Prozent der Energie aus alternativen Kraftwerken herstellt werden. Au\u00dferdem ist es das erkl\u00e4rte Ziel die Kohlekraftwerke bis ins Jahr 2040 vom Netz zu nehmen.<\/p>\n<p><b>SPD<\/b> \u2013 Eine B\u00fcndelung der Kompetenzen in einem extra daf\u00fcr eingerichteten Ministerium f\u00fcr Energie soll das grunds\u00e4tzliche Management und die Energiewende im Allgemeinen erleichtern. Sogenannte Stromautobahnen sollen den Netzausbau beschleunigen. Au\u00dferdem wurde sich als Ziel gesetzt, bis in das Jahr 2020 einen Stromanteil von 45 Prozent im Sektor erneuerbare Energien zu erreichen.<\/p>\n","protected":false},"excerpt":{"rendered":"<p>Am 22. September 2013 finden die Wahlen zum 18. Deutschen Bundestag statt. Die Wahlbeteiligung hat sich \u00fcber die letzten Jahre immer weiter verschlechtert. Dabei gibt es sehr viele gute Gr\u00fcnde sich durch die Wahl in der Politik zu beteiligen. Die unterschiedlichen Parteien haben ihr Wahlprogramm aufgestellt und hoffen jetzt auf die Stimmen der B\u00fcrger. Bez\u00fcglich der Energiewende haben wir versucht die Kernaussagen zusammenzufassen. Was streben die Parteien in Bezug auf die Reform der Energiewende an? [&hellip;]<\/p>\n","protected":false},"author":1,"featured_media":0,"comment_status":"open","ping_status":"open","sticky":false,"template":"","format":"standard","meta":{"footnotes":""},"categories":[7,10],"tags":[46],"post_folder":[],"class_list":["post-1322","post","type-post","status-publish","format-standard","hentry","category-recht-und-politik","category-umweltschutz-und-nachhaltigkeit","tag-umwelt"],"_links":{"self":[{"href":"https:\/\/www.die-mitfahrzentrale.de\/en\/wp-json\/wp\/v2\/posts\/1322","targetHints":{"allow":["GET"]}}],"collection":[{"href":"https:\/\/www.die-mitfahrzentrale.de\/en\/wp-json\/wp\/v2\/posts"}],"about":[{"href":"https:\/\/www.die-mitfahrzentrale.de\/en\/wp-json\/wp\/v2\/types\/post"}],"author":[{"embeddable":true,"href":"https:\/\/www.die-mitfahrzentrale.de\/en\/wp-json\/wp\/v2\/users\/1"}],"replies":[{"embeddable":true,"href":"https:\/\/www.die-mitfahrzentrale.de\/en\/wp-json\/wp\/v2\/comments?post=1322"}],"version-history":[{"count":2,"href":"https:\/\/www.die-mitfahrzentrale.de\/en\/wp-json\/wp\/v2\/posts\/1322\/revisions"}],"predecessor-version":[{"id":3410,"href":"https:\/\/www.die-mitfahrzentrale.de\/en\/wp-json\/wp\/v2\/posts\/1322\/revisions\/3410"}],"wp:attachment":[{"href":"https:\/\/www.die-mitfahrzentrale.de\/en\/wp-json\/wp\/v2\/media?parent=1322"}],"wp:term":[{"taxonomy":"category","embeddable":true,"href":"https:\/\/www.die-mitfahrzentrale.de\/en\/wp-json\/wp\/v2\/categories?post=1322"},{"taxonomy":"post_tag","embeddable":true,"href":"https:\/\/www.die-mitfahrzentrale.de\/en\/wp-json\/wp\/v2\/tags?post=1322"},{"taxonomy":"post_folder","embeddable":true,"href":"https:\/\/www.die-mitfahrzentrale.de\/en\/wp-json\/wp\/v2\/post_folder?post=1322"}],"curies":[{"name":"wp","href":"https:\/\/api.w.org\/{rel}","templated":true}]}}