{"id":1263,"date":"2013-08-16T08:09:23","date_gmt":"2013-08-16T06:09:23","guid":{"rendered":"http:\/\/www.die-mitfahrzentrale.de\/?p=1263"},"modified":"2023-08-23T13:48:50","modified_gmt":"2023-08-23T13:48:50","slug":"bahn-uberpruft-personalplanung","status":"publish","type":"post","link":"https:\/\/www.die-mitfahrzentrale.de\/en\/bahn-uberpruft-personalplanung\/","title":{"rendered":"Bahn \u00fcberpr\u00fcft Personalplanung"},"content":{"rendered":"<p>Der Bahnhof in Mainz war in den vergangenen Tagen st\u00e4ndig in den Nachrichten. Z\u00fcge konnten nicht fahren oder waren unp\u00fcnktlich. Schlussendlich haben viele die Stadt Mainz sogar gemieden und sind herum gefahren. Durch die angespannte Personalsituation, Krankheiten und die Urlaubszeit waren nicht gen\u00fcgend Mitarbeiter vorhanden, um die Komplexit\u00e4t des Bahnbetriebes in Mainz alleine gew\u00e4hrleisten zu k\u00f6nnen.<\/p>\n<h2>Bahn steht im Blickpunkt<\/h2>\n<p>Solche Probleme k\u00f6nnen nicht nur in Mainz auftreten. Tats\u00e4chlich herrscht in anderen Standorten eine \u00e4hnliche Personalnot. Bevor der Fall in Mainz bekannt wurde, gab es schon Beschwerden von privaten Verkehrsunternehmen, dass in anderen St\u00e4dten Z\u00fcge nicht planm\u00e4\u00dfig oder gar nicht abgefahren seien. Die Netzagentur vermeldete in den vergangenen Wochen acht solcher Standorte.<\/p>\n<p>Mainz ist gewisserma\u00dfen ein Einzelfall, weil dort die Urlaubszeit und Krankheiten der Mitarbeiter sich \u00fcberschnitten haben. Tats\u00e4chlich h\u00e4tte ein solches Dilemma auch in weiteren Metropolen folgen k\u00f6nnen.<\/p>\n<h2>Vorw\u00fcrfe an den Bundesverkehrsminister<\/h2>\n<p>Das erste und gewisserma\u00dfen auch letzte Glied in der Kette von Entscheidungen ist der Bundesverkehrsminister Peter Ramsauer von der CSU. Dieser hat s\u00e4mtliche Vorw\u00fcrfe zun\u00e4chst von sich gewiesen. Er muss sich jedoch daf\u00fcr rechtfertigen, dass er j\u00e4hrlich 500 Millionen Euro aus dem Bahn-Budget in den Bundeshaushalt einflie\u00dfen l\u00e4sst. Zudem gab es wohl rechtzeitig vorher Warnungen von Vertretern aus dem Arbeitnehmerbereich, die im Bahn-Aufsichtsrat ignoriert wurden.<\/p>\n<p>Nachdem das Thema publik geworden ist und die Bahn in Mainz nicht mehr Herr der Lage war, wird nun die Personalsituation \u00fcberpr\u00fcft. Aber es handelt sich hier nicht um ein Problem, welches kurzfristig gel\u00f6st werden kann. Neue Mitarbeiter, so diese denn eingestellt werden, m\u00fcssten sich erst in ihre T\u00e4tigkeit einarbeiten. Hierf\u00fcr ist eine Zeitspanne von drei Monaten angedacht.<\/p>\n<p>F\u00fcr Personen mit einer g\u00fcltigen Fahrkarte sollen, so die Gr\u00fcnen, Entsch\u00e4digungen gezahlt werden. Renate K\u00fcnast spielte damit insbesondere auf die Arbeitnehmer an, welche als Pendler die Bahn nutzen und in den vergangenen Tagen und Wochen mit Versp\u00e4tungen von 50 Minuten planen mussten.<\/p>\n","protected":false},"excerpt":{"rendered":"<p>Der Bahnhof in Mainz war in den vergangenen Tagen st\u00e4ndig in den Nachrichten. Z\u00fcge konnten nicht fahren oder waren unp\u00fcnktlich. Schlussendlich haben viele die Stadt Mainz sogar gemieden und sind herum gefahren. Durch die angespannte Personalsituation, Krankheiten und die Urlaubszeit waren nicht gen\u00fcgend Mitarbeiter vorhanden, um die Komplexit\u00e4t des Bahnbetriebes in Mainz alleine gew\u00e4hrleisten zu k\u00f6nnen. Bahn steht im Blickpunkt Solche Probleme k\u00f6nnen nicht nur in Mainz auftreten. Tats\u00e4chlich herrscht in anderen Standorten eine \u00e4hnliche [&hellip;]<\/p>\n","protected":false},"author":1,"featured_media":0,"comment_status":"open","ping_status":"open","sticky":false,"template":"","format":"standard","meta":{"footnotes":""},"categories":[7,11],"tags":[17,50],"post_folder":[],"class_list":["post-1263","post","type-post","status-publish","format-standard","hentry","category-recht-und-politik","category-verkehr-und-mobilitaet","tag-bahn","tag-verkehr"],"_links":{"self":[{"href":"https:\/\/www.die-mitfahrzentrale.de\/en\/wp-json\/wp\/v2\/posts\/1263","targetHints":{"allow":["GET"]}}],"collection":[{"href":"https:\/\/www.die-mitfahrzentrale.de\/en\/wp-json\/wp\/v2\/posts"}],"about":[{"href":"https:\/\/www.die-mitfahrzentrale.de\/en\/wp-json\/wp\/v2\/types\/post"}],"author":[{"embeddable":true,"href":"https:\/\/www.die-mitfahrzentrale.de\/en\/wp-json\/wp\/v2\/users\/1"}],"replies":[{"embeddable":true,"href":"https:\/\/www.die-mitfahrzentrale.de\/en\/wp-json\/wp\/v2\/comments?post=1263"}],"version-history":[{"count":2,"href":"https:\/\/www.die-mitfahrzentrale.de\/en\/wp-json\/wp\/v2\/posts\/1263\/revisions"}],"predecessor-version":[{"id":3420,"href":"https:\/\/www.die-mitfahrzentrale.de\/en\/wp-json\/wp\/v2\/posts\/1263\/revisions\/3420"}],"wp:attachment":[{"href":"https:\/\/www.die-mitfahrzentrale.de\/en\/wp-json\/wp\/v2\/media?parent=1263"}],"wp:term":[{"taxonomy":"category","embeddable":true,"href":"https:\/\/www.die-mitfahrzentrale.de\/en\/wp-json\/wp\/v2\/categories?post=1263"},{"taxonomy":"post_tag","embeddable":true,"href":"https:\/\/www.die-mitfahrzentrale.de\/en\/wp-json\/wp\/v2\/tags?post=1263"},{"taxonomy":"post_folder","embeddable":true,"href":"https:\/\/www.die-mitfahrzentrale.de\/en\/wp-json\/wp\/v2\/post_folder?post=1263"}],"curies":[{"name":"wp","href":"https:\/\/api.w.org\/{rel}","templated":true}]}}