{"id":1168,"date":"2013-06-25T09:33:27","date_gmt":"2013-06-25T07:33:27","guid":{"rendered":"http:\/\/www.die-mitfahrzentrale.de\/?p=1168"},"modified":"2023-08-23T13:48:51","modified_gmt":"2023-08-23T13:48:51","slug":"die-bahn-sucht-neue-mitarbeiter-und-wird-teurer","status":"publish","type":"post","link":"https:\/\/www.die-mitfahrzentrale.de\/en\/die-bahn-sucht-neue-mitarbeiter-und-wird-teurer\/","title":{"rendered":"Die Bahn sucht neue Mitarbeiter und wird teurer"},"content":{"rendered":"<p><!--[if gte mso 9]&gt;--><\/p>\n<p><!--[if gte mso 9]&gt;--><\/p>\n<p class=\"MsoNormal\">Die Deutsche Bahn ist als Arbeitgeber nicht unattraktiv. Von den Schulabg\u00e4ngern dieses Jahres, haben sich \u00fcber 50.000 bei der Bahn beworben. Eingestellt werden konnten hingegen nur 4.100. Grunds\u00e4tzlich ist der Arbeitgeber aber auf der Suche nach 80.000 Arbeitnehmern. Diese sollen nicht im Zuge eines Wachstums des Unternehmens eingestellt werden, sondern in erster Linie Ausf\u00e4lle kompensieren.<\/p>\n<h2>Preiserh\u00f6hung f\u00fcr Herbst erwartet<\/h2>\n<p class=\"MsoNormal\">Die Bahn kann zudem h\u00f6here Fahrpreise nicht ausschlie\u00dfen. Auch hier ist der Anbieter aus dem \u00f6ffentlichen Nahverkehr wahrscheinlich zur Umstellung gezwungen. Die aktuelle Entwicklung auf dem Strommarkt, l\u00e4sst die Ausgaben des Konzerns ansteigen. Die Umlage f\u00fcr den \u00d6kostrom wird eine weitere Erh\u00f6hung zur Folge haben. Die Bahn muss reagieren und seine Kosten auf die Kunden umlegen. Diese Umstellung wird f\u00fcr den kommenden Herbst erwartet.<\/p>\n<p class=\"MsoNormal\">Gleichzeitig wird das Vorgehen der Regierung kritisiert. Die Bahn hat seine ICEs auf \u00d6kostrom umgestellt. Durch den gr\u00fcnen Anstrich sollten Kunden gewonnen und auch das eigene Image aufpoliert werden. Es ist aber nicht im Sinne des Unternehmens, dass die Fahrer bestraft werden, weil sie den \u00d6kostrom im Anspruch nehmen. Hier teurere Preise zu verlangen zu m\u00fcssen, ist auch der Bahn nicht recht.<\/p>\n<h2>Mitarbeiter werden am Erfolg beteiligt<\/h2>\n<p class=\"MsoNormal\">Eine weitere Neuerung bei der Bahn soll die Erfolgsbeteiligung der Mitarbeiter werden. Insgesamt sind es 295.000 Mitarbeiter, welche direkt an den Gewinn beteiligt werden sollen. Dadurch soll die Beteiligung der Belegschaft an den Erfolg der letzten Jahre honoriert werden. Die Verhandlungen \u00fcber die H\u00f6he der Erfolgsbeteiligung werden nach dem Sommer beginnen.<\/p>\n<p class=\"MsoNormal\">Schon jetzt wurde eine Abmachung mit dem Betriebsrat getroffen. Angeblich handelt es sich um ein v\u00f6llig neues Konzept, welches noch nicht vollst\u00e4ndig bekannt ist. Fest steht bereits, dass stetige Verhandlungen nicht erw\u00fcnscht sind. Das Modell wird entsprechend eine Formel enthalten, welche sich an den Unternehmenserfolg anpasst. Die Erfolgsbeteiligung kommt allen Mitarbeitern und nicht nur denen in Deutschland, zu Gute.<\/p>\n","protected":false},"excerpt":{"rendered":"<p>Die Deutsche Bahn ist als Arbeitgeber nicht unattraktiv. Von den Schulabg\u00e4ngern dieses Jahres, haben sich \u00fcber 50.000 bei der Bahn beworben. Eingestellt werden konnten hingegen nur 4.100. Grunds\u00e4tzlich ist der Arbeitgeber aber auf der Suche nach 80.000 Arbeitnehmern. Diese sollen nicht im Zuge eines Wachstums des Unternehmens eingestellt werden, sondern in erster Linie Ausf\u00e4lle kompensieren. Preiserh\u00f6hung f\u00fcr Herbst erwartet Die Bahn kann zudem h\u00f6here Fahrpreise nicht ausschlie\u00dfen. Auch hier ist der Anbieter aus dem \u00f6ffentlichen [&hellip;]<\/p>\n","protected":false},"author":1,"featured_media":0,"comment_status":"open","ping_status":"open","sticky":false,"template":"","format":"standard","meta":{"footnotes":""},"categories":[7,11],"tags":[46,50],"post_folder":[],"class_list":["post-1168","post","type-post","status-publish","format-standard","hentry","category-recht-und-politik","category-verkehr-und-mobilitaet","tag-umwelt","tag-verkehr"],"_links":{"self":[{"href":"https:\/\/www.die-mitfahrzentrale.de\/en\/wp-json\/wp\/v2\/posts\/1168","targetHints":{"allow":["GET"]}}],"collection":[{"href":"https:\/\/www.die-mitfahrzentrale.de\/en\/wp-json\/wp\/v2\/posts"}],"about":[{"href":"https:\/\/www.die-mitfahrzentrale.de\/en\/wp-json\/wp\/v2\/types\/post"}],"author":[{"embeddable":true,"href":"https:\/\/www.die-mitfahrzentrale.de\/en\/wp-json\/wp\/v2\/users\/1"}],"replies":[{"embeddable":true,"href":"https:\/\/www.die-mitfahrzentrale.de\/en\/wp-json\/wp\/v2\/comments?post=1168"}],"version-history":[{"count":2,"href":"https:\/\/www.die-mitfahrzentrale.de\/en\/wp-json\/wp\/v2\/posts\/1168\/revisions"}],"predecessor-version":[{"id":3458,"href":"https:\/\/www.die-mitfahrzentrale.de\/en\/wp-json\/wp\/v2\/posts\/1168\/revisions\/3458"}],"wp:attachment":[{"href":"https:\/\/www.die-mitfahrzentrale.de\/en\/wp-json\/wp\/v2\/media?parent=1168"}],"wp:term":[{"taxonomy":"category","embeddable":true,"href":"https:\/\/www.die-mitfahrzentrale.de\/en\/wp-json\/wp\/v2\/categories?post=1168"},{"taxonomy":"post_tag","embeddable":true,"href":"https:\/\/www.die-mitfahrzentrale.de\/en\/wp-json\/wp\/v2\/tags?post=1168"},{"taxonomy":"post_folder","embeddable":true,"href":"https:\/\/www.die-mitfahrzentrale.de\/en\/wp-json\/wp\/v2\/post_folder?post=1168"}],"curies":[{"name":"wp","href":"https:\/\/api.w.org\/{rel}","templated":true}]}}