{"id":1161,"date":"2013-06-22T11:09:37","date_gmt":"2013-06-22T09:09:37","guid":{"rendered":"http:\/\/www.die-mitfahrzentrale.de\/?p=1161"},"modified":"2023-08-23T13:48:52","modified_gmt":"2023-08-23T13:48:52","slug":"wer-ubernimmt-die-unwetterschaden-am-pkw","status":"publish","type":"post","link":"https:\/\/www.die-mitfahrzentrale.de\/en\/wer-ubernimmt-die-unwetterschaden-am-pkw\/","title":{"rendered":"Wer \u00fcbernimmt die Unwettersch\u00e4den am PKW?"},"content":{"rendered":"<p>Die letzten Wochen hat das Wetter verr\u00fcckt gespielt. Die Folge war, dass Fl\u00fcsse \u00fcber die Ufer traten und Unwetter Stra\u00dfen fluteten. Durch St\u00fcrme wurden B\u00e4ume umgest\u00fcrzt oder es fielen \u00c4ste nieder. Nicht selten wird bei diesen Katastrophen das Auto besch\u00e4digt. Die Besitzer fragen sich zu Recht, wer diesen Schaden bezahlt.<\/p>\n<h2>Sturm- und Wassersch\u00e4den \u00fcbernimmt die Teilkasko<\/h2>\n<p>Wer seinen PKW mit einer Teilkasko-Versicherung ausgestattet hat, der kann viele der Sch\u00e4den \u00fcbernehmen lassen. Dazu z\u00e4hlt folgendes:<\/p>\n<ul>\n<li>Beulen durch herunterfallende \u00c4ste<\/li>\n<li>Scheibenreparaturen durch Sturmsch\u00e4den<\/li>\n<li>Sch\u00e4den durch \u00dcberschwemmungen<\/li>\n<li>Reparaturen an Autos in \u00fcberschwemmten Tiefgaragen<\/li>\n<\/ul>\n<p>Im Zweifel muss ein Sturmschaden jedoch nachgewiesen werden. Eine Nachfrage beim Wetteramt kann dabei helfen. Denn um einen Sturmschaden geltend zu machen, muss zum Zeitpunkt der Besch\u00e4digung mindestens Windst\u00e4rke 8 gemessen worden sein. Sollte die Besch\u00e4digung erst nach dem Unwetter eingetreten sein, etwa weil ein Ast auf der Stra\u00dfe lag und nicht gesehen wurde, zahlt die Teilkasko-Versicherung nicht. Die Vollkasko-Versicherung w\u00fcrde auch diese Sch\u00e4den \u00fcbernehmen.<\/p>\n<p>Wenn das Auto durch Wasser Schaden nimmt, zahlt die Teilkasko. Dies gilt jedoch nur solange, wie das Wasser seinen Weg zum Auto gefunden hat. Steht der PKW in der Tiefgarage und diese l\u00e4uft voll, wird also gezahlt. F\u00e4hrt der Fahrer absichtlich oder fahrl\u00e4ssig in eine \u00fcberflutete Stra\u00dfe ein, so werden etwaige Sch\u00e4den nicht \u00fcbernommen.<\/p>\n<h2>Erste Anlaufstelle: Der Versicherer<\/h2>\n<p>Viele Fahrzeughalter begehen einen gravierenden Fehler. Sie bestellen sich einen unabh\u00e4ngigen Gutachter und lassen die Sch\u00e4den im Anschluss, nach dessen Kontrolle, reparieren. Der Gedanke, dass die Versicherung dem Gutachter glauben wird, ist nicht ausreichend. Denn die Versicherung hat das Weisungsrecht inne. Eine Reparatur sollte entsprechend erst dann vorgenommen werden, wenn die Versicherung sich dazu ge\u00e4u\u00dfert hat.<\/p>\n<p>Wer den Schaden schon zuvor beseitigt hat, der kann nur auf die Gnade der Versicherung hoffen. Es ist aber nicht unrealistisch, dass der Fahrzeughalter hier seine Kosten nicht erstattet bekommt.<\/p>\n","protected":false},"excerpt":{"rendered":"<p>Die letzten Wochen hat das Wetter verr\u00fcckt gespielt. Die Folge war, dass Fl\u00fcsse \u00fcber die Ufer traten und Unwetter Stra\u00dfen fluteten. Durch St\u00fcrme wurden B\u00e4ume umgest\u00fcrzt oder es fielen \u00c4ste nieder. Nicht selten wird bei diesen Katastrophen das Auto besch\u00e4digt. Die Besitzer fragen sich zu Recht, wer diesen Schaden bezahlt. Sturm- und Wassersch\u00e4den \u00fcbernimmt die Teilkasko Wer seinen PKW mit einer Teilkasko-Versicherung ausgestattet hat, der kann viele der Sch\u00e4den \u00fcbernehmen lassen. Dazu z\u00e4hlt folgendes: Beulen [&hellip;]<\/p>\n","protected":false},"author":1,"featured_media":0,"comment_status":"open","ping_status":"open","sticky":false,"template":"","format":"standard","meta":{"footnotes":""},"categories":[7,11],"tags":[47,50,51],"post_folder":[],"class_list":["post-1161","post","type-post","status-publish","format-standard","hentry","category-recht-und-politik","category-verkehr-und-mobilitaet","tag-unfalle","tag-verkehr","tag-versicherung"],"_links":{"self":[{"href":"https:\/\/www.die-mitfahrzentrale.de\/en\/wp-json\/wp\/v2\/posts\/1161","targetHints":{"allow":["GET"]}}],"collection":[{"href":"https:\/\/www.die-mitfahrzentrale.de\/en\/wp-json\/wp\/v2\/posts"}],"about":[{"href":"https:\/\/www.die-mitfahrzentrale.de\/en\/wp-json\/wp\/v2\/types\/post"}],"author":[{"embeddable":true,"href":"https:\/\/www.die-mitfahrzentrale.de\/en\/wp-json\/wp\/v2\/users\/1"}],"replies":[{"embeddable":true,"href":"https:\/\/www.die-mitfahrzentrale.de\/en\/wp-json\/wp\/v2\/comments?post=1161"}],"version-history":[{"count":2,"href":"https:\/\/www.die-mitfahrzentrale.de\/en\/wp-json\/wp\/v2\/posts\/1161\/revisions"}],"predecessor-version":[{"id":3462,"href":"https:\/\/www.die-mitfahrzentrale.de\/en\/wp-json\/wp\/v2\/posts\/1161\/revisions\/3462"}],"wp:attachment":[{"href":"https:\/\/www.die-mitfahrzentrale.de\/en\/wp-json\/wp\/v2\/media?parent=1161"}],"wp:term":[{"taxonomy":"category","embeddable":true,"href":"https:\/\/www.die-mitfahrzentrale.de\/en\/wp-json\/wp\/v2\/categories?post=1161"},{"taxonomy":"post_tag","embeddable":true,"href":"https:\/\/www.die-mitfahrzentrale.de\/en\/wp-json\/wp\/v2\/tags?post=1161"},{"taxonomy":"post_folder","embeddable":true,"href":"https:\/\/www.die-mitfahrzentrale.de\/en\/wp-json\/wp\/v2\/post_folder?post=1161"}],"curies":[{"name":"wp","href":"https:\/\/api.w.org\/{rel}","templated":true}]}}