{"id":1143,"date":"2013-06-09T08:38:24","date_gmt":"2013-06-09T06:38:24","guid":{"rendered":"http:\/\/www.die-mitfahrzentrale.de\/?p=1143"},"modified":"2023-08-23T13:48:52","modified_gmt":"2023-08-23T13:48:52","slug":"kolner-parkplatzsituation-durch-carsharing-verschlechtert","status":"publish","type":"post","link":"https:\/\/www.die-mitfahrzentrale.de\/en\/kolner-parkplatzsituation-durch-carsharing-verschlechtert\/","title":{"rendered":"K\u00f6lner Parkplatzsituation durch Carsharing verschlechtert?"},"content":{"rendered":"<p>Carsharing setzt sich bundesweit immer mehr durch. Ford hat sich mit mehreren Autovermietungen zusammengetan, um Mietautos zur Verf\u00fcgung zu stellen. BMW ist in der Hauptstadt Berlin sogar mit einer elektronisch betriebenen Carsharing-Flotte anwesend. Und auch in K\u00f6ln steigt das Angebot stetig. Aber leidet darunter die Parkplatzsituation?<\/p>\n<h2>Was geschieht mit den K\u00f6lner Parkpl\u00e4tzen?<\/h2>\n<p>Die Parkpl\u00e4tze in K\u00f6ln werden von den Carsharing-Anbietern gemietet. F\u00fcr die Stadt bedeutet dies ein sicheres Einkommen, auch wenn die Pl\u00e4tze leer stehen. Cambio hat auf der Kurf\u00fcrstenstra\u00dfe vier feste Parkpl\u00e4tze gemietet. Die Leiterin des Marketing-Teams Tanya Bullmann erkl\u00e4rt, \u201eWir d\u00fcrfen 10 Prozent unserer Flotte auf von der Stadt gemieteten Stellpl\u00e4tzen parken.\u201c Die in K\u00f6ln \u00fcblichen Mieten werden beglichen, Subventionen stehen nicht zur Verf\u00fcgung.<\/p>\n<p>Aber auch Bahn-Partner Flinkster hat in K\u00f6ln drei feste Stellpl\u00e4tze auf der Alteburger Stra\u00dfe. F\u00fcr private Autos sind diese Parkpl\u00e4tze gesperrt. Viele der gemieteten Wagen stehen tats\u00e4chlich in einer Garage. F\u00fcr die gemieteten Parkpl\u00e4tze muss von den Carsharing-Anbietern nachgewiesen werden, dass in einem entsprechenden Umkreis keine Pl\u00e4tze f\u00fcr private PKWs zur Miete zur Verf\u00fcgung stehen.<\/p>\n<h2>Wie ver\u00e4ndert sich die Situation der Parkpl\u00e4tze durch Carsharing?<\/h2>\n<p>Die Anwohner, welche keinen Parkplatz bekommen, weil diese f\u00fcr Carsharing-Autos gesperrt sind, \u00e4rgern sich teilweise. Aber der Anbieter Cambio sieht das Problem aus einem anderen Blickwinkel. Es ist die Rede von 90 neuen Kunden aus der n\u00e4heren Umgebung. Diese Anzahl ist deutlich h\u00f6her als die vergebenen Parkpl\u00e4tze. Weiterhin wird die Situation in K\u00f6ln dadurch entlastet, dass die H\u00e4lfte dieser Neukunden ihr eigenes Auto durch das Carsharing-Angebot abgeschafft hat.<\/p>\n<p>Diese Entwicklung kommt nicht nur der Parkplatz-Not zu Gute, sondern auch der Umwelt. F\u00fcr l\u00e4ngere Strecken lohnt sich zudem eine Fahrgemeinschaft. Mit der richtigen Mitfahrgelegenheit k\u00f6nnen die Kosten f\u00fcr die Mietung eines Autos sinken und die Unterhaltung w\u00e4hrend der Fahrt macht den Ausflug zu einem angenehmen Erlebnis.<\/p>\n","protected":false},"excerpt":{"rendered":"<p>Carsharing setzt sich bundesweit immer mehr durch. Ford hat sich mit mehreren Autovermietungen zusammengetan, um Mietautos zur Verf\u00fcgung zu stellen. BMW ist in der Hauptstadt Berlin sogar mit einer elektronisch betriebenen Carsharing-Flotte anwesend. Und auch in K\u00f6ln steigt das Angebot stetig. Aber leidet darunter die Parkplatzsituation? Was geschieht mit den K\u00f6lner Parkpl\u00e4tzen? Die Parkpl\u00e4tze in K\u00f6ln werden von den Carsharing-Anbietern gemietet. F\u00fcr die Stadt bedeutet dies ein sicheres Einkommen, auch wenn die Pl\u00e4tze leer stehen. [&hellip;]<\/p>\n","protected":false},"author":1,"featured_media":0,"comment_status":"open","ping_status":"open","sticky":false,"template":"","format":"standard","meta":{"footnotes":""},"categories":[10,11],"tags":[25,46,50],"post_folder":[],"class_list":["post-1143","post","type-post","status-publish","format-standard","hentry","category-umweltschutz-und-nachhaltigkeit","category-verkehr-und-mobilitaet","tag-fahrgemeinschaft","tag-umwelt","tag-verkehr"],"_links":{"self":[{"href":"https:\/\/www.die-mitfahrzentrale.de\/en\/wp-json\/wp\/v2\/posts\/1143","targetHints":{"allow":["GET"]}}],"collection":[{"href":"https:\/\/www.die-mitfahrzentrale.de\/en\/wp-json\/wp\/v2\/posts"}],"about":[{"href":"https:\/\/www.die-mitfahrzentrale.de\/en\/wp-json\/wp\/v2\/types\/post"}],"author":[{"embeddable":true,"href":"https:\/\/www.die-mitfahrzentrale.de\/en\/wp-json\/wp\/v2\/users\/1"}],"replies":[{"embeddable":true,"href":"https:\/\/www.die-mitfahrzentrale.de\/en\/wp-json\/wp\/v2\/comments?post=1143"}],"version-history":[{"count":2,"href":"https:\/\/www.die-mitfahrzentrale.de\/en\/wp-json\/wp\/v2\/posts\/1143\/revisions"}],"predecessor-version":[{"id":3468,"href":"https:\/\/www.die-mitfahrzentrale.de\/en\/wp-json\/wp\/v2\/posts\/1143\/revisions\/3468"}],"wp:attachment":[{"href":"https:\/\/www.die-mitfahrzentrale.de\/en\/wp-json\/wp\/v2\/media?parent=1143"}],"wp:term":[{"taxonomy":"category","embeddable":true,"href":"https:\/\/www.die-mitfahrzentrale.de\/en\/wp-json\/wp\/v2\/categories?post=1143"},{"taxonomy":"post_tag","embeddable":true,"href":"https:\/\/www.die-mitfahrzentrale.de\/en\/wp-json\/wp\/v2\/tags?post=1143"},{"taxonomy":"post_folder","embeddable":true,"href":"https:\/\/www.die-mitfahrzentrale.de\/en\/wp-json\/wp\/v2\/post_folder?post=1143"}],"curies":[{"name":"wp","href":"https:\/\/api.w.org\/{rel}","templated":true}]}}