{"id":1129,"date":"2013-05-23T14:59:17","date_gmt":"2013-05-23T12:59:17","guid":{"rendered":"http:\/\/www.die-mitfahrzentrale.de\/?p=1129"},"modified":"2023-08-23T13:48:52","modified_gmt":"2023-08-23T13:48:52","slug":"vermeintliche-vorteile-des-klimawandels","status":"publish","type":"post","link":"https:\/\/www.die-mitfahrzentrale.de\/en\/vermeintliche-vorteile-des-klimawandels\/","title":{"rendered":"Vermeintliche Vorteile des Klimawandels"},"content":{"rendered":"<p>Das Nutzen von Fahrgemeinschaften in der Mitfahrzentrale hat zum Ziel die CO2-Belastung zu senken. Aber es gibt immer wieder Leute, die behaupten, dass der Klimawandel auch Vorteile mit sich bringt. Ist dies wirklich eine Betrachtungsweise, die Sinn macht? Oder werden die Nachteile dabei au\u00dfen vor gelassen?<\/p>\n<p><b>Wir bekommen in Deutschland endlich auch mal warmes Wetter!<\/b><\/p>\n<p>Wenn \u00fcber die Vorz\u00fcge des Klimawandels gesprochen wird, ist diese Behauptung die erste, welche ge\u00e4u\u00dfert wird. Tats\u00e4chlich handelt es sich aber um ein zweischneidiges Schwert. Die Sommer k\u00f6nnten tats\u00e4chlich w\u00e4rmer werden. Durch die grunds\u00e4tzliche Erderw\u00e4rmung w\u00fcrde aber auch das Eis im Meer n\u00f6rdlich von Norwegen schmelzen. Dies h\u00e4tte zur Folge, dass kalte Luftstr\u00f6me \u00fcber Europa wehen. Unsere Winter w\u00fcrden dadurch eher k\u00e4lter werden.<\/p>\n<p><b>Auch in Norddeutschland k\u00f6nnte Wein angebaut werden!<\/b><\/p>\n<p>Durch die w\u00e4rmeren Sommer ist diese Betrachtungsweise nicht aus der Luft gegriffen. Aber auf den gesamten Weinmarkt w\u00fcrde sich dies nicht positiv auswirken. In anderen L\u00e4ndern, vornehmlich im Mittelmeerraum, w\u00fcrde die Erw\u00e4rmung zu einem erschwerten Anbau f\u00fchren. Und auch in Deutschland m\u00fcsste mit Hindernissen gerechnet werden. Der Klimawandel w\u00fcrde Wetterextreme, wie Hagel oder D\u00fcrren, vermehrt auftreten lassen.<\/p>\n<p><b>Die Vegetation in der Tundra verbessert sich!<\/b><\/p>\n<p>Durch eine Erderw\u00e4rmung k\u00f6nnten in der Tundra B\u00e4ume wachsen. Tats\u00e4chlich ist dies sehr wahrscheinlich. Es k\u00f6nnte also sogar ein positiver Effekt f\u00fcr die Umwelt vermutet werden. Aber weit gefehlt. Denn im Gegensatz zu den tropischen W\u00e4ldern, wo hellere B\u00e4ume wachsen, zieht die Bewaldung in den n\u00f6rdlichen Breiten eher die Sonnenstrahlen an und verst\u00e4rken auf diese Art und Weise die Erderw\u00e4rmung noch zus\u00e4tzlich.<\/p>\n<p><b>W\u00fcsten werden durch die Erw\u00e4rmung gr\u00fcner werden!<\/b><\/p>\n<p>Dies liegt im Bereich des M\u00f6glichen. Die Muster der Niederschl\u00e4ge w\u00fcrden sich \u00e4ndern und dabei vielleicht auch einige W\u00fcsten einbeziehen. Daf\u00fcr w\u00fcrden andere Gebiete aber ausgelassen werden. Es w\u00fcrden wohl an neuen Stellen karge Gebiete ohne gro\u00dfartigen Bewuchs entstehen.<\/p>\n","protected":false},"excerpt":{"rendered":"<p>Das Nutzen von Fahrgemeinschaften in der Mitfahrzentrale hat zum Ziel die CO2-Belastung zu senken. Aber es gibt immer wieder Leute, die behaupten, dass der Klimawandel auch Vorteile mit sich bringt. Ist dies wirklich eine Betrachtungsweise, die Sinn macht? Oder werden die Nachteile dabei au\u00dfen vor gelassen? Wir bekommen in Deutschland endlich auch mal warmes Wetter! Wenn \u00fcber die Vorz\u00fcge des Klimawandels gesprochen wird, ist diese Behauptung die erste, welche ge\u00e4u\u00dfert wird. Tats\u00e4chlich handelt es sich [&hellip;]<\/p>\n","protected":false},"author":1,"featured_media":0,"comment_status":"open","ping_status":"open","sticky":false,"template":"","format":"standard","meta":{"footnotes":""},"categories":[10],"tags":[46],"post_folder":[],"class_list":["post-1129","post","type-post","status-publish","format-standard","hentry","category-umweltschutz-und-nachhaltigkeit","tag-umwelt"],"_links":{"self":[{"href":"https:\/\/www.die-mitfahrzentrale.de\/en\/wp-json\/wp\/v2\/posts\/1129","targetHints":{"allow":["GET"]}}],"collection":[{"href":"https:\/\/www.die-mitfahrzentrale.de\/en\/wp-json\/wp\/v2\/posts"}],"about":[{"href":"https:\/\/www.die-mitfahrzentrale.de\/en\/wp-json\/wp\/v2\/types\/post"}],"author":[{"embeddable":true,"href":"https:\/\/www.die-mitfahrzentrale.de\/en\/wp-json\/wp\/v2\/users\/1"}],"replies":[{"embeddable":true,"href":"https:\/\/www.die-mitfahrzentrale.de\/en\/wp-json\/wp\/v2\/comments?post=1129"}],"version-history":[{"count":2,"href":"https:\/\/www.die-mitfahrzentrale.de\/en\/wp-json\/wp\/v2\/posts\/1129\/revisions"}],"predecessor-version":[{"id":3474,"href":"https:\/\/www.die-mitfahrzentrale.de\/en\/wp-json\/wp\/v2\/posts\/1129\/revisions\/3474"}],"wp:attachment":[{"href":"https:\/\/www.die-mitfahrzentrale.de\/en\/wp-json\/wp\/v2\/media?parent=1129"}],"wp:term":[{"taxonomy":"category","embeddable":true,"href":"https:\/\/www.die-mitfahrzentrale.de\/en\/wp-json\/wp\/v2\/categories?post=1129"},{"taxonomy":"post_tag","embeddable":true,"href":"https:\/\/www.die-mitfahrzentrale.de\/en\/wp-json\/wp\/v2\/tags?post=1129"},{"taxonomy":"post_folder","embeddable":true,"href":"https:\/\/www.die-mitfahrzentrale.de\/en\/wp-json\/wp\/v2\/post_folder?post=1129"}],"curies":[{"name":"wp","href":"https:\/\/api.w.org\/{rel}","templated":true}]}}