{"id":1077,"date":"2013-03-09T14:45:09","date_gmt":"2013-03-09T13:45:09","guid":{"rendered":"http:\/\/www.die-mitfahrzentrale.de\/?p=1077"},"modified":"2023-08-23T13:48:53","modified_gmt":"2023-08-23T13:48:53","slug":"uber-die-un-wichtigkeit-von-parkplatzen","status":"publish","type":"post","link":"https:\/\/www.die-mitfahrzentrale.de\/en\/uber-die-un-wichtigkeit-von-parkplatzen\/","title":{"rendered":"\u00dcber die (Un-)Wichtigkeit von Parkpl\u00e4tzen"},"content":{"rendered":"<p>Praktisch jeder Haushalt verf\u00fcgt \u00fcber einen PKW. In der Zeit wo dieser nicht gefahren wird, muss er irgendwo geparkt werden. Wer ein eigenes Haus besitzt, der hat h\u00e4ufig auch eine Garage oder einen Einstellplatz verf\u00fcgbar. Bei Wohnungen werden hingegen meist \u00f6ffentliche Verkehrspl\u00e4tze genutzt, welche f\u00fcr Anwohner und Besucher eingerichtet wurden. Es gibt keine konkreten Zahlen zur Anzahl der \u00f6ffentlichen Parkpl\u00e4tze. Es wird jedoch gesch\u00e4tzt, dass sich diese in Westeuropa auf ungef\u00e4hr 300 Millionen belaufen.<\/p>\n<p><b>Haben Sie ein Fahrzeug oder ein Stehzeug?<\/b><\/p>\n<p>Es gibt Kritiker der \u00fcberm\u00e4\u00dfigen Nutzung eines Automobils, die das urspr\u00fcngliche Fahrzeug als Stehzeug bezeichnen. Dies ist eine Anspielung auf die Zeit, die ein PKW durchschnittlich an einem Tag nicht bewegt wird. Allgemein wird davon ausgegangen, dass ein Fahrzeug ungef\u00e4hr 1 \u2013 2 Stunden am Tag in Bewegung ist. Die Stehzeit betr\u00e4gt also Minimum 22 Stunden. Oftmals bel\u00e4uft sich diese Zeit tats\u00e4chlich auf 23 Stunden und mehr.<\/p>\n<p>Die einzigen Wege, die zur\u00fcckgelegt werden, f\u00fchren dann zur Arbeit und zur\u00fcck. Oftmals wird auf diesem Weg noch eingekauft. Aber die Ansiedlung einer Familie findet meist in der N\u00e4he der Arbeitsgelegenheiten statt. Schlie\u00dflich ist es auch nicht geplant, dass st\u00e4ndig gefahren wird. Dennoch verf\u00fcgt praktisch jeder \u00fcber ein Auto.<\/p>\n<p><b>Die Parkplatz-Betrachtung<\/b><\/p>\n<p>Die Parkpl\u00e4tze sind wichtig, um den B\u00fcrgern einer Stadt die M\u00f6glichkeit zur Mobilit\u00e4t zu gew\u00e4hrleisten. Aber bei der Vielzahl an Parkpl\u00e4tzen fallen auch enorme Kosten f\u00fcr die Wartung dieser Fl\u00e4chen an. Kosteng\u00fcnstiger w\u00e4re es f\u00fcr den Staat und auch f\u00fcr den privaten Verbraucher, wenn die Anzahl der Autos und Parkpl\u00e4tze reduziert w\u00fcrde.<\/p>\n<p>Eine M\u00f6glichkeit daf\u00fcr ist das Carsharing. Wenn sich mehrere Personen ein Auto teilen oder Fahrgemeinschaften auf dem Weg zur Arbeit und zur\u00fcck bilden, werden weniger Automobile ben\u00f6tigt. Die Stehzeiten eines PKWs sammeln sich vor allem zu Hause vor der Haust\u00fcr und auf den Parkpl\u00e4tzen des Arbeitgebers an.<\/p>\n","protected":false},"excerpt":{"rendered":"<p>Praktisch jeder Haushalt verf\u00fcgt \u00fcber einen PKW. In der Zeit wo dieser nicht gefahren wird, muss er irgendwo geparkt werden. Wer ein eigenes Haus besitzt, der hat h\u00e4ufig auch eine Garage oder einen Einstellplatz verf\u00fcgbar. Bei Wohnungen werden hingegen meist \u00f6ffentliche Verkehrspl\u00e4tze genutzt, welche f\u00fcr Anwohner und Besucher eingerichtet wurden. Es gibt keine konkreten Zahlen zur Anzahl der \u00f6ffentlichen Parkpl\u00e4tze. Es wird jedoch gesch\u00e4tzt, dass sich diese in Westeuropa auf ungef\u00e4hr 300 Millionen belaufen. Haben [&hellip;]<\/p>\n","protected":false},"author":1,"featured_media":0,"comment_status":"open","ping_status":"open","sticky":false,"template":"","format":"standard","meta":{"footnotes":""},"categories":[11],"tags":[],"post_folder":[],"class_list":["post-1077","post","type-post","status-publish","format-standard","hentry","category-verkehr-und-mobilitaet"],"_links":{"self":[{"href":"https:\/\/www.die-mitfahrzentrale.de\/en\/wp-json\/wp\/v2\/posts\/1077","targetHints":{"allow":["GET"]}}],"collection":[{"href":"https:\/\/www.die-mitfahrzentrale.de\/en\/wp-json\/wp\/v2\/posts"}],"about":[{"href":"https:\/\/www.die-mitfahrzentrale.de\/en\/wp-json\/wp\/v2\/types\/post"}],"author":[{"embeddable":true,"href":"https:\/\/www.die-mitfahrzentrale.de\/en\/wp-json\/wp\/v2\/users\/1"}],"replies":[{"embeddable":true,"href":"https:\/\/www.die-mitfahrzentrale.de\/en\/wp-json\/wp\/v2\/comments?post=1077"}],"version-history":[{"count":2,"href":"https:\/\/www.die-mitfahrzentrale.de\/en\/wp-json\/wp\/v2\/posts\/1077\/revisions"}],"predecessor-version":[{"id":3502,"href":"https:\/\/www.die-mitfahrzentrale.de\/en\/wp-json\/wp\/v2\/posts\/1077\/revisions\/3502"}],"wp:attachment":[{"href":"https:\/\/www.die-mitfahrzentrale.de\/en\/wp-json\/wp\/v2\/media?parent=1077"}],"wp:term":[{"taxonomy":"category","embeddable":true,"href":"https:\/\/www.die-mitfahrzentrale.de\/en\/wp-json\/wp\/v2\/categories?post=1077"},{"taxonomy":"post_tag","embeddable":true,"href":"https:\/\/www.die-mitfahrzentrale.de\/en\/wp-json\/wp\/v2\/tags?post=1077"},{"taxonomy":"post_folder","embeddable":true,"href":"https:\/\/www.die-mitfahrzentrale.de\/en\/wp-json\/wp\/v2\/post_folder?post=1077"}],"curies":[{"name":"wp","href":"https:\/\/api.w.org\/{rel}","templated":true}]}}