{"id":1022,"date":"2012-12-30T14:52:46","date_gmt":"2012-12-30T13:52:46","guid":{"rendered":"http:\/\/www.die-mitfahrzentrale.de\/?p=1022"},"modified":"2023-08-23T13:48:54","modified_gmt":"2023-08-23T13:48:54","slug":"welches-ist-das-umwelt-auto","status":"publish","type":"post","link":"https:\/\/www.die-mitfahrzentrale.de\/en\/welches-ist-das-umwelt-auto\/","title":{"rendered":"Welches ist das \u201eUmwelt Auto\u201c?"},"content":{"rendered":"<p>Die Zeitschrift \u201eAuto Test\u201c hat in Verbindung mit dem Umweltinstitut \u201e\u00d6kotrend\u201c eine Untersuchung durchgef\u00fchrt. Es wurde das Auto gesucht, welches die Umwelt am wenigsten belastet. Um diesen PKW zu ermitteln, wurden zahlreiche Details bedacht. <b>Faktoren f\u00fcr die Ermittlung des Umwelt-Autos<\/b> Wer an ein umweltfreundliches Auto denkt, der hat meist nur den Aussto\u00df an CO2 im Kopf. Tats\u00e4chlich liegt einer solchen Berechnung viel mehr zu Grunde. Die Untersuchung hat die folgenden Faktoren ebenfalls bedacht:<\/p>\n<ul>\n<li>Kraftstoffverbrauch<\/li>\n<li>Umweltfreundlichkeit bei der Produktion<\/li>\n<li>Umweltvertr\u00e4glichkeit der Beschaffung<\/li>\n<li>\u00d6kologische Logistik<\/li>\n<li>Ger\u00e4uschemission<\/li>\n<li>Schadstoffemission<\/li>\n<li>Recycling<\/li>\n<li>\u00d6kologische Verantwortung des Herstellers<\/li>\n<\/ul>\n<p>Erst anhand dieser Werte konnte das Umwelt-Auto ermittelt werden. Tats\u00e4chlich stehen viele PKWs mit Erdgas- oder Hybridantrieb ganz oben auf dem Podium. Da aber die gesamte Lebensdauer, von der Herstellung, bis zur Entsorgung eingerechnet wird, ist das Ergebnis sehr umfassend. <b>Das Umwelt Auto geordnet nach Kategorien<\/b> Auf Grund der zahlreichen Faktoren konnte eine Bewertung vorgenommen werden. Diese ergab im Endeffekt eine Punktzahl. Die PKWs selber wurden in verschiedene Klassen unterteilt. Nachfolgend ist das Ergebnis in einer Tabelle zusammengefasst dargestellt.<\/p>\n<table width=\"518\" border=\"1\" cellspacing=\"0\" cellpadding=\"0\">\n<tbody>\n<tr>\n<td valign=\"top\" width=\"123\"><b>Kleinstwagen<\/b><\/td>\n<td valign=\"top\" width=\"123\"><b>Kleinwagen<\/b><\/td>\n<td valign=\"top\" width=\"123\"><b>Kompaktklasse<\/b><\/td>\n<td valign=\"top\" width=\"123\"><b>Mittelklasse<\/b><\/td>\n<td valign=\"top\" width=\"123\"><b>Geh. Mittelklasse<\/b><\/td>\n<\/tr>\n<tr>\n<td valign=\"top\" width=\"123\">VW Eco-Up<\/td>\n<td valign=\"top\" width=\"123\">Yaris Hybrid<\/td>\n<td valign=\"top\" width=\"123\">Lexus CT 200h<\/td>\n<td valign=\"top\" width=\"123\">Toyota Prius<\/td>\n<td valign=\"top\" width=\"123\">Volkswagen Passat 1.4 TSI Ecofuel<\/td>\n<\/tr>\n<tr>\n<td valign=\"top\" width=\"123\">93,2 Punkte<\/td>\n<td valign=\"top\" width=\"123\">94,7 Punkte<\/td>\n<td valign=\"top\" width=\"123\">94,3 Punkte<\/td>\n<td valign=\"top\" width=\"123\">94,4 Punkte<\/td>\n<td valign=\"top\" width=\"123\">92,1 Punkte<\/td>\n<\/tr>\n<\/tbody>\n<\/table>\n<p>&nbsp;<\/p>\n<table width=\"514\" border=\"1\" cellspacing=\"0\" cellpadding=\"0\">\n<tbody>\n<tr>\n<td valign=\"top\" width=\"153\"><b>Luxusklasse<\/b><\/td>\n<td valign=\"top\" width=\"153\"><b>Vans<\/b><\/td>\n<td valign=\"top\" width=\"153\"><b>Kompaktvans<\/b><\/td>\n<td valign=\"top\" width=\"153\"><b>Kompakt-SUV<\/b><\/td>\n<\/tr>\n<tr>\n<td valign=\"top\" width=\"153\">BMW 730d Blue Performance<\/td>\n<td valign=\"top\" width=\"153\">Mercedes Benz B 200 Natural Gas Drive<\/td>\n<td valign=\"top\" width=\"153\">Opel Zafira Tourer 1.6 CNG<\/td>\n<td valign=\"top\" width=\"153\">DMW X1 sDrive 20d EDE<\/td>\n<\/tr>\n<tr>\n<td valign=\"top\" width=\"153\">86,4 Punkte<\/td>\n<td valign=\"top\" width=\"153\">92,8 Punkte<\/td>\n<td valign=\"top\" width=\"153\">89,8 Punkte<\/td>\n<td valign=\"top\" width=\"153\">88,4 Punkte<\/td>\n<\/tr>\n<\/tbody>\n<\/table>\n<p>Weiterhin wurden im Bereich SUV der Mercedes Benz ML 250 Blue Tec 4Matic mit 82,8 Punkten ausgezeichnet. Im Sektor Cabrio wurde das das Mini Cooper D Cabrio mit 91,2 Punkten und im Bereich Coup\u00e9 das Honda CR-Z mit 90,8 Punkten zum Sieger gek\u00fcrt. F\u00fcr das kommende Jahr wird eine ansteigende Tendenz bei den Autok\u00e4ufen vermutet. Dies trifft haupts\u00e4chlich auf den Markt in China zu. In Europa sollen die K\u00e4ufe konstant bleiben.<\/p>\n","protected":false},"excerpt":{"rendered":"<p>Die Zeitschrift \u201eAuto Test\u201c hat in Verbindung mit dem Umweltinstitut \u201e\u00d6kotrend\u201c eine Untersuchung durchgef\u00fchrt. Es wurde das Auto gesucht, welches die Umwelt am wenigsten belastet. Um diesen PKW zu ermitteln, wurden zahlreiche Details bedacht. Faktoren f\u00fcr die Ermittlung des Umwelt-Autos Wer an ein umweltfreundliches Auto denkt, der hat meist nur den Aussto\u00df an CO2 im Kopf. Tats\u00e4chlich liegt einer solchen Berechnung viel mehr zu Grunde. Die Untersuchung hat die folgenden Faktoren ebenfalls bedacht: Kraftstoffverbrauch Umweltfreundlichkeit [&hellip;]<\/p>\n","protected":false},"author":1,"featured_media":0,"comment_status":"open","ping_status":"open","sticky":false,"template":"","format":"standard","meta":{"footnotes":""},"categories":[11],"tags":[],"post_folder":[],"class_list":["post-1022","post","type-post","status-publish","format-standard","hentry","category-verkehr-und-mobilitaet"],"_links":{"self":[{"href":"https:\/\/www.die-mitfahrzentrale.de\/en\/wp-json\/wp\/v2\/posts\/1022","targetHints":{"allow":["GET"]}}],"collection":[{"href":"https:\/\/www.die-mitfahrzentrale.de\/en\/wp-json\/wp\/v2\/posts"}],"about":[{"href":"https:\/\/www.die-mitfahrzentrale.de\/en\/wp-json\/wp\/v2\/types\/post"}],"author":[{"embeddable":true,"href":"https:\/\/www.die-mitfahrzentrale.de\/en\/wp-json\/wp\/v2\/users\/1"}],"replies":[{"embeddable":true,"href":"https:\/\/www.die-mitfahrzentrale.de\/en\/wp-json\/wp\/v2\/comments?post=1022"}],"version-history":[{"count":1,"href":"https:\/\/www.die-mitfahrzentrale.de\/en\/wp-json\/wp\/v2\/posts\/1022\/revisions"}],"predecessor-version":[{"id":3517,"href":"https:\/\/www.die-mitfahrzentrale.de\/en\/wp-json\/wp\/v2\/posts\/1022\/revisions\/3517"}],"wp:attachment":[{"href":"https:\/\/www.die-mitfahrzentrale.de\/en\/wp-json\/wp\/v2\/media?parent=1022"}],"wp:term":[{"taxonomy":"category","embeddable":true,"href":"https:\/\/www.die-mitfahrzentrale.de\/en\/wp-json\/wp\/v2\/categories?post=1022"},{"taxonomy":"post_tag","embeddable":true,"href":"https:\/\/www.die-mitfahrzentrale.de\/en\/wp-json\/wp\/v2\/tags?post=1022"},{"taxonomy":"post_folder","embeddable":true,"href":"https:\/\/www.die-mitfahrzentrale.de\/en\/wp-json\/wp\/v2\/post_folder?post=1022"}],"curies":[{"name":"wp","href":"https:\/\/api.w.org\/{rel}","templated":true}]}}