{"id":1019,"date":"2012-12-29T16:21:49","date_gmt":"2012-12-29T15:21:49","guid":{"rendered":"http:\/\/www.die-mitfahrzentrale.de\/?p=1019"},"modified":"2023-08-23T13:48:54","modified_gmt":"2023-08-23T13:48:54","slug":"bahn-will-fahrgasten-groseren-schutz-bieten","status":"publish","type":"post","link":"https:\/\/www.die-mitfahrzentrale.de\/en\/bahn-will-fahrgasten-groseren-schutz-bieten\/","title":{"rendered":"Bahn will Fahrg\u00e4sten gr\u00f6\u00dferen Schutz bieten"},"content":{"rendered":"<p align=\"JUSTIFY\">Auf dem Bonner Bahnhof ist ein Anschlag mit einer Taschenbombe vereitelt wurden. Die Ausf\u00fchrung wurde von mehreren Islamisten durchgef\u00fchrt, welche auch Verbindungen zu Al-Kaida unterhielten. Seit Jahren schon wird vor Terroranschl\u00e4gen in Deutschland gewarnt. Gro\u00dfe Veranstaltungen und Orte, wo sich viele Menschen aufhalten sind besonders gef\u00e4hrdet. Bahnh\u00f6fe geh\u00f6ren entsprechend dazu. Aus diesem aktuellen Anlass, wurde von der Bahn ein Sicherheitsgipfel einberufen.<\/p>\n<p align=\"JUSTIFY\">Die Bahnh\u00f6fe in Deutschland sollen sicherer werden. Der vereitelte Anschlag am Bonner Hauptbahnhof w\u00e4re unter Umst\u00e4nden keinem T\u00e4ter zuzuordnen gewesen, wenn die Verd\u00e4chtigen nicht von einer Kamera bei McDonalds gefilmt worden w\u00e4ren. Dieser Hinweis hat die Beamten auf die richtige Spur gebracht, zumal die T\u00e4ter vor einigen Jahren schon einmal unter Verdacht standen sich an einem Terroranschlag zu beteiligen. Der Sicherheitsgipfel soll im Februar stattfinden und \u00fcber den gesteigerten Einsatz von Kameras auf dem Bahngel\u00e4nde entscheiden. Durch die Videoaufzeichnungen m\u00f6chte Bahn-Chef Grube Straftaten aufdecken. Kameras sind bereits auf vielen Bahnh\u00f6fen Bestandteil der Sicherheit. F\u00fcr Aufzeichnungen ist hingegen die Bundespolizei zust\u00e4ndig. Hier soll die Zusammenarbeit weiter optimiert werden.<\/p>\n<p align=\"JUSTIFY\">Die Sicherheitsabteilung grenzt das Konzept jedoch schnell wieder ein. Es wird davon gesprochen, dass Straftaten dadurch nicht verhindert werden k\u00f6nnen. Gezielte Kriminalit\u00e4t wird es immer geben. Die T\u00e4ter k\u00f6nnen sich bis zur Unkenntlichkeit vermummen. Taten aus dem Affekt heraus, wie bei Jugendlichen oder Betrunkenen werden dadurch auch nicht verhindert werden k\u00f6nnen. Bei der Aufkl\u00e4rung von kriminellen Handlungen wird eine Video\u00fcberwachung grunds\u00e4tzlich n\u00fctzlich sein.<\/p>\n<p align=\"JUSTIFY\">Ein Sicherheitssystem wie an Flugh\u00e4fen ist bei Bahnh\u00f6fen nicht denkbar. Die Grundst\u00fccke sind frei zu betreten und auch die sensiblen Fahrpl\u00e4ne der Z\u00fcge w\u00fcrden t\u00fcchtig durcheinander kommen. Weiterhin ist der Zugverkehr auch mit S-Bahn und U-Bahn verbunden. Kameras sind ein weiterer Schritt zu mehr Sicherheit. Gerd Neubeck ist Sicherheitschef der Deutschen Bahn. Er sagt, \u201ees gibt keine absolute Sicherheit\u201c Und bringt es damit auf den Punkt.<\/p>\n","protected":false},"excerpt":{"rendered":"<p>Auf dem Bonner Bahnhof ist ein Anschlag mit einer Taschenbombe vereitelt wurden. Die Ausf\u00fchrung wurde von mehreren Islamisten durchgef\u00fchrt, welche auch Verbindungen zu Al-Kaida unterhielten. Seit Jahren schon wird vor Terroranschl\u00e4gen in Deutschland gewarnt. Gro\u00dfe Veranstaltungen und Orte, wo sich viele Menschen aufhalten sind besonders gef\u00e4hrdet. Bahnh\u00f6fe geh\u00f6ren entsprechend dazu. Aus diesem aktuellen Anlass, wurde von der Bahn ein Sicherheitsgipfel einberufen. Die Bahnh\u00f6fe in Deutschland sollen sicherer werden. Der vereitelte Anschlag am Bonner Hauptbahnhof w\u00e4re [&hellip;]<\/p>\n","protected":false},"author":1,"featured_media":0,"comment_status":"open","ping_status":"open","sticky":false,"template":"","format":"standard","meta":{"footnotes":""},"categories":[7,11],"tags":[],"post_folder":[],"class_list":["post-1019","post","type-post","status-publish","format-standard","hentry","category-recht-und-politik","category-verkehr-und-mobilitaet"],"_links":{"self":[{"href":"https:\/\/www.die-mitfahrzentrale.de\/en\/wp-json\/wp\/v2\/posts\/1019","targetHints":{"allow":["GET"]}}],"collection":[{"href":"https:\/\/www.die-mitfahrzentrale.de\/en\/wp-json\/wp\/v2\/posts"}],"about":[{"href":"https:\/\/www.die-mitfahrzentrale.de\/en\/wp-json\/wp\/v2\/types\/post"}],"author":[{"embeddable":true,"href":"https:\/\/www.die-mitfahrzentrale.de\/en\/wp-json\/wp\/v2\/users\/1"}],"replies":[{"embeddable":true,"href":"https:\/\/www.die-mitfahrzentrale.de\/en\/wp-json\/wp\/v2\/comments?post=1019"}],"version-history":[{"count":1,"href":"https:\/\/www.die-mitfahrzentrale.de\/en\/wp-json\/wp\/v2\/posts\/1019\/revisions"}],"predecessor-version":[{"id":3518,"href":"https:\/\/www.die-mitfahrzentrale.de\/en\/wp-json\/wp\/v2\/posts\/1019\/revisions\/3518"}],"wp:attachment":[{"href":"https:\/\/www.die-mitfahrzentrale.de\/en\/wp-json\/wp\/v2\/media?parent=1019"}],"wp:term":[{"taxonomy":"category","embeddable":true,"href":"https:\/\/www.die-mitfahrzentrale.de\/en\/wp-json\/wp\/v2\/categories?post=1019"},{"taxonomy":"post_tag","embeddable":true,"href":"https:\/\/www.die-mitfahrzentrale.de\/en\/wp-json\/wp\/v2\/tags?post=1019"},{"taxonomy":"post_folder","embeddable":true,"href":"https:\/\/www.die-mitfahrzentrale.de\/en\/wp-json\/wp\/v2\/post_folder?post=1019"}],"curies":[{"name":"wp","href":"https:\/\/api.w.org\/{rel}","templated":true}]}}